{"id":9496,"date":"2020-07-03T14:46:57","date_gmt":"2020-07-03T12:46:57","guid":{"rendered":"https:\/\/alt.kraftanlagen.com\/\/pierre-vanstoflegatte-director-executiv-al-diviziei-energies-services-din-cadrul-bouygues-construction\/"},"modified":"2023-03-29T00:05:10","modified_gmt":"2023-03-28T22:05:10","slug":"pierre-vanstoflegatte-director-executiv-al-diviziei-energies-services-din-cadrul-bouygues-construction","status":"publish","type":"post","link":"https:\/\/www.kraftanlagen.com\/ro\/pierre-vanstoflegatte-director-executiv-al-diviziei-energies-services-din-cadrul-bouygues-construction\/","title":{"rendered":"Pierre Vanstoflegatte, director executiv al diviziei Energies &amp; Services din cadrul Bouygues Construction"},"content":{"rendered":"[vc_row type=&#8221;in_container&#8221; full_screen_row_position=&#8221;middle&#8221; column_margin=&#8221;default&#8221; column_direction=&#8221;default&#8221; column_direction_tablet=&#8221;default&#8221; column_direction_phone=&#8221;default&#8221; scene_position=&#8221;center&#8221; text_color=&#8221;dark&#8221; text_align=&#8221;left&#8221; row_border_radius=&#8221;none&#8221; row_border_radius_applies=&#8221;bg&#8221; overflow=&#8221;visible&#8221; overlay_strength=&#8221;0.3&#8243; gradient_direction=&#8221;left_to_right&#8221; shape_divider_position=&#8221;bottom&#8221; bg_image_animation=&#8221;none&#8221;][vc_column column_padding=&#8221;no-extra-padding&#8221; column_padding_tablet=&#8221;inherit&#8221; column_padding_phone=&#8221;inherit&#8221; column_padding_position=&#8221;all&#8221; column_element_spacing=&#8221;default&#8221; background_color_opacity=&#8221;1&#8243; background_hover_color_opacity=&#8221;1&#8243; column_shadow=&#8221;none&#8221; column_border_radius=&#8221;none&#8221; column_link_target=&#8221;_self&#8221; column_position=&#8221;default&#8221; gradient_direction=&#8221;left_to_right&#8221; overlay_strength=&#8221;0.3&#8243; width=&#8221;1\/1&#8243; tablet_width_inherit=&#8221;default&#8221; tablet_text_alignment=&#8221;default&#8221; phone_text_alignment=&#8221;default&#8221; animation_type=&#8221;default&#8221; bg_image_animation=&#8221;none&#8221; border_type=&#8221;simple&#8221; column_border_width=&#8221;none&#8221; column_border_style=&#8221;solid&#8221;][vc_column_text]<span class=\"nectar-dropcap\" >P<\/span>ierre Vanstoflegatte a fost numit Chief Executive Officer al diviziei Energies &amp; Services, de care apar\u021bin, pe l\u00e2ng\u0103 Bouygues Energies &amp; Services, \u0219i Grupul Kraftanlagen, Bouygues Energies &amp; Services \u0219i toate filialele acestora.[\/vc_column_text][\/vc_column][\/vc_row][vc_row type=&#8221;in_container&#8221; full_screen_row_position=&#8221;middle&#8221; column_margin=&#8221;default&#8221; column_direction=&#8221;default&#8221; column_direction_tablet=&#8221;default&#8221; column_direction_phone=&#8221;default&#8221; scene_position=&#8221;center&#8221; text_color=&#8221;dark&#8221; text_align=&#8221;left&#8221; row_border_radius=&#8221;none&#8221; row_border_radius_applies=&#8221;bg&#8221; overflow=&#8221;visible&#8221; overlay_strength=&#8221;0.3&#8243; gradient_direction=&#8221;left_to_right&#8221; shape_divider_position=&#8221;bottom&#8221; bg_image_animation=&#8221;none&#8221;][vc_column column_padding=&#8221;no-extra-padding&#8221; column_padding_tablet=&#8221;inherit&#8221; column_padding_phone=&#8221;inherit&#8221; column_padding_position=&#8221;all&#8221; column_element_spacing=&#8221;default&#8221; background_color_opacity=&#8221;1&#8243; background_hover_color_opacity=&#8221;1&#8243; column_shadow=&#8221;none&#8221; column_border_radius=&#8221;none&#8221; column_link_target=&#8221;_self&#8221; column_position=&#8221;default&#8221; gradient_direction=&#8221;left_to_right&#8221; overlay_strength=&#8221;0.3&#8243; width=&#8221;1\/1&#8243; tablet_width_inherit=&#8221;default&#8221; tablet_text_alignment=&#8221;default&#8221; phone_text_alignment=&#8221;default&#8221; animation_type=&#8221;default&#8221; bg_image_animation=&#8221;none&#8221; border_type=&#8221;simple&#8221; column_border_width=&#8221;none&#8221; column_border_style=&#8221;solid&#8221;][vc_column_text]\n<h4>Angajamentul s\u0103u poate fi rezumat \u00een trei cuvinte: pasiune, viziune, ac\u021biune.<\/h4>\n[\/vc_column_text][\/vc_column][\/vc_row][vc_row type=&#8221;in_container&#8221; full_screen_row_position=&#8221;middle&#8221; column_margin=&#8221;default&#8221; column_direction=&#8221;default&#8221; column_direction_tablet=&#8221;default&#8221; column_direction_phone=&#8221;default&#8221; scene_position=&#8221;center&#8221; text_color=&#8221;dark&#8221; text_align=&#8221;left&#8221; row_border_radius=&#8221;none&#8221; row_border_radius_applies=&#8221;bg&#8221; overflow=&#8221;visible&#8221; overlay_strength=&#8221;0.3&#8243; gradient_direction=&#8221;left_to_right&#8221; shape_divider_position=&#8221;bottom&#8221; bg_image_animation=&#8221;none&#8221;][vc_column column_padding=&#8221;no-extra-padding&#8221; column_padding_tablet=&#8221;inherit&#8221; column_padding_phone=&#8221;inherit&#8221; column_padding_position=&#8221;all&#8221; column_element_spacing=&#8221;default&#8221; background_color_opacity=&#8221;1&#8243; background_hover_color_opacity=&#8221;1&#8243; column_shadow=&#8221;none&#8221; column_border_radius=&#8221;none&#8221; column_link_target=&#8221;_self&#8221; column_position=&#8221;default&#8221; gradient_direction=&#8221;left_to_right&#8221; overlay_strength=&#8221;0.3&#8243; width=&#8221;2\/3&#8243; tablet_width_inherit=&#8221;default&#8221; tablet_text_alignment=&#8221;default&#8221; phone_text_alignment=&#8221;default&#8221; animation_type=&#8221;default&#8221; bg_image_animation=&#8221;none&#8221; border_type=&#8221;simple&#8221; column_border_width=&#8221;none&#8221; column_border_style=&#8221;solid&#8221;][image_with_animation image_url=&#8221;8327&#8243; image_size=&#8221;full&#8221; animation_type=&#8221;entrance&#8221; animation=&#8221;None&#8221; hover_animation=&#8221;none&#8221; alignment=&#8221;&#8221; border_radius=&#8221;20px&#8221; box_shadow=&#8221;none&#8221; image_loading=&#8221;default&#8221; max_width=&#8221;100%&#8221; max_width_mobile=&#8221;default&#8221;][\/vc_column][vc_column column_padding=&#8221;no-extra-padding&#8221; column_padding_tablet=&#8221;inherit&#8221; column_padding_phone=&#8221;inherit&#8221; column_padding_position=&#8221;all&#8221; column_element_spacing=&#8221;default&#8221; background_color_opacity=&#8221;1&#8243; background_hover_color_opacity=&#8221;1&#8243; column_shadow=&#8221;none&#8221; column_border_radius=&#8221;none&#8221; column_link_target=&#8221;_self&#8221; column_position=&#8221;default&#8221; gradient_direction=&#8221;left_to_right&#8221; overlay_strength=&#8221;0.3&#8243; width=&#8221;1\/3&#8243; tablet_width_inherit=&#8221;default&#8221; tablet_text_alignment=&#8221;default&#8221; phone_text_alignment=&#8221;default&#8221; animation_type=&#8221;default&#8221; bg_image_animation=&#8221;none&#8221; border_type=&#8221;simple&#8221; column_border_width=&#8221;none&#8221; column_border_style=&#8221;solid&#8221;][\/vc_column][\/vc_row][vc_row type=&#8221;in_container&#8221; full_screen_row_position=&#8221;middle&#8221; column_margin=&#8221;default&#8221; column_direction=&#8221;default&#8221; column_direction_tablet=&#8221;default&#8221; column_direction_phone=&#8221;default&#8221; scene_position=&#8221;center&#8221; text_color=&#8221;dark&#8221; text_align=&#8221;left&#8221; row_border_radius=&#8221;none&#8221; row_border_radius_applies=&#8221;bg&#8221; overflow=&#8221;visible&#8221; overlay_strength=&#8221;0.3&#8243; gradient_direction=&#8221;left_to_right&#8221; shape_divider_position=&#8221;bottom&#8221; bg_image_animation=&#8221;none&#8221;][vc_column column_padding=&#8221;no-extra-padding&#8221; column_padding_tablet=&#8221;inherit&#8221; column_padding_phone=&#8221;inherit&#8221; column_padding_position=&#8221;all&#8221; column_element_spacing=&#8221;default&#8221; background_color_opacity=&#8221;1&#8243; background_hover_color_opacity=&#8221;1&#8243; column_shadow=&#8221;none&#8221; column_border_radius=&#8221;none&#8221; column_link_target=&#8221;_self&#8221; column_position=&#8221;default&#8221; gradient_direction=&#8221;left_to_right&#8221; overlay_strength=&#8221;0.3&#8243; width=&#8221;1\/1&#8243; tablet_width_inherit=&#8221;default&#8221; tablet_text_alignment=&#8221;default&#8221; phone_text_alignment=&#8221;default&#8221; animation_type=&#8221;default&#8221; bg_image_animation=&#8221;none&#8221; border_type=&#8221;simple&#8221; column_border_width=&#8221;none&#8221; column_border_style=&#8221;solid&#8221;][vc_column_text]<strong>Philippe Bonnave<\/strong>, pre\u0219edinte \u0219i Chief Executive Officer al Bouygues Construction, l-a numit pe Pierre Vanstoflegatte \u00een func\u021bia de Chief Executive al diviziei Energies &amp; Service, \u00eencep\u00e2nd cu data de 01 iulie 2020. Divizia este alc\u0103tuit\u0103 din Bouygues Energies &amp; Services, Grupul Kraftanlagen, Bouygues Energies &amp; Services InTec \u0219i toate filialele acestora. El vine \u00een locul lui Olivier-Marie Racine, care p\u0103r\u0103se\u0219te grupul.<\/p>\n<p>\u00cen calitate de CEO al Bouygues Energies &amp; Services, Pierre Vanstoflegatte devine \u0219i CEO al Axione(1) \u0219i reprezint\u0103 Bouygues Construction \u00een structurile de conducere ale Kraftanlagen \u0219i Bouygues Energies &amp; Services InTec, precum \u0219i Construction Venture, platforma start-up a grupului.<\/p>\n<p>El va fi \u0219i membru \u00een Comitetul Executiv al Bouygues Construction.<\/p>\n<p>Divizia Energies &amp; Services se afl\u0103 \u00een centrul provoc\u0103rilor globale de ast\u0103zi \u0219i reprezint\u0103 un foarte important vector de cre\u0219tere pentru Bouygues Construction. Av\u00e2nd 21.263 angaja\u021bi \u00een peste 25 de \u021b\u0103ri, divizia Energies &amp; Services ofer\u0103 solu\u021bii \u0219i servicii pentru infrastructura public\u0103, cl\u0103diri \u0219i sectorul industrial.<\/p>\n<p>Gama de servicii oferite se \u00eentinde de la proiectare p\u00e2n\u0103 la instalare \u0219i operare \u00een domenii precum infrastructuri de re\u021bele energetice, iluminat stradal, re\u021bele digitale, electrotehnic\u0103, construc\u021bii de ma\u0219ini \u0219i tehnologie pentru \u00eenc\u0103lzire, precum \u0219i facility management.<\/p>\n<p>\u00cen anul 2019, divizia Energies &amp; Services a atins cifra de afaceri de 3,8 miliarde euro (28% din cifra de afaceri a grupului) \u0219i i-au fost atribuite contracte \u00een valoare de 4 miliarde euro (33% din volumul contractelor grupului).<\/p>\n<p>Pierre Vanstoflegatte este absolvent al Ecole Polytechnique \u0219i al Ecole des Mines de Paris. EL \u0219i-a \u00eenceput cariera profesional\u0103 \u00een anul 1995 la Eiffage, iar doi ani mai t\u00e2rziu a ajuns la Spie Batignolles. \u00cen anul 2012 a fost numit CEO al Roux Combaluzier, societatea francez\u0103 care de\u021bine participa\u021bii \u00een cadrul Grupului Schindler. Ulterior a ajuns CEO pentru Fran\u021ba la Grupul IPH. Pierre Vanstoflegatte a devenit \u00eencep\u00e2nd cu ianuarie 2019 Chief Executive al Bouygues Energies &amp; Services, iar \u00een ianuarie 2020 a fost numit pre\u0219edinte.[\/vc_column_text][\/vc_column][\/vc_row][vc_row type=&#8221;in_container&#8221; full_screen_row_position=&#8221;middle&#8221; column_margin=&#8221;default&#8221; column_direction=&#8221;default&#8221; column_direction_tablet=&#8221;default&#8221; column_direction_phone=&#8221;default&#8221; scene_position=&#8221;center&#8221; text_color=&#8221;dark&#8221; text_align=&#8221;left&#8221; row_border_radius=&#8221;none&#8221; row_border_radius_applies=&#8221;bg&#8221; overflow=&#8221;visible&#8221; overlay_strength=&#8221;0.3&#8243; gradient_direction=&#8221;left_to_right&#8221; shape_divider_position=&#8221;bottom&#8221; bg_image_animation=&#8221;none&#8221;][vc_column column_padding=&#8221;no-extra-padding&#8221; column_padding_tablet=&#8221;inherit&#8221; column_padding_phone=&#8221;inherit&#8221; column_padding_position=&#8221;all&#8221; column_element_spacing=&#8221;default&#8221; background_color_opacity=&#8221;1&#8243; background_hover_color_opacity=&#8221;1&#8243; column_shadow=&#8221;none&#8221; column_border_radius=&#8221;none&#8221; column_link_target=&#8221;_self&#8221; column_position=&#8221;default&#8221; gradient_direction=&#8221;left_to_right&#8221; overlay_strength=&#8221;0.3&#8243; width=&#8221;1\/1&#8243; tablet_width_inherit=&#8221;default&#8221; tablet_text_alignment=&#8221;default&#8221; phone_text_alignment=&#8221;default&#8221; animation_type=&#8221;default&#8221; bg_image_animation=&#8221;none&#8221; border_type=&#8221;simple&#8221; column_border_width=&#8221;none&#8221; column_border_style=&#8221;solid&#8221;][vc_custom_heading text=&#8221;Axione, de\u021binut\u0103 de Bouygues Energies &amp; Services \u0219i Vauban Infrastructure Partners, este un juc\u0103tor de top \u00een dezvoltarea digital\u0103 a zonelor rurale \u0219i urbane.&#8221; font_container=&#8221;tag:p|font_size:14|text_align:left|line_height:1.2&#8243; use_theme_fonts=&#8221;yes&#8221;][\/vc_column][\/vc_row][vc_row type=&#8221;in_container&#8221; full_screen_row_position=&#8221;middle&#8221; column_margin=&#8221;default&#8221; column_direction=&#8221;default&#8221; column_direction_tablet=&#8221;default&#8221; column_direction_phone=&#8221;default&#8221; scene_position=&#8221;center&#8221; text_color=&#8221;dark&#8221; text_align=&#8221;left&#8221; row_border_radius=&#8221;none&#8221; row_border_radius_applies=&#8221;bg&#8221; overflow=&#8221;visible&#8221; overlay_strength=&#8221;0.3&#8243; gradient_direction=&#8221;left_to_right&#8221; shape_divider_position=&#8221;bottom&#8221; bg_image_animation=&#8221;none&#8221;][vc_column column_padding=&#8221;padding-5-percent&#8221; column_padding_tablet=&#8221;inherit&#8221; column_padding_phone=&#8221;inherit&#8221; column_padding_position=&#8221;all&#8221; column_element_spacing=&#8221;default&#8221; background_color=&#8221;#f7f7f7&#8243; background_color_opacity=&#8221;1&#8243; background_hover_color_opacity=&#8221;1&#8243; column_shadow=&#8221;small_depth&#8221; column_border_radius=&#8221;20px&#8221; column_link_target=&#8221;_self&#8221; column_position=&#8221;default&#8221; advanced_gradient_angle=&#8221;0&#8243; gradient_direction=&#8221;left_to_right&#8221; overlay_strength=&#8221;0.3&#8243; width=&#8221;1\/2&#8243; tablet_width_inherit=&#8221;default&#8221; tablet_text_alignment=&#8221;default&#8221; phone_text_alignment=&#8221;default&#8221; animation_type=&#8221;default&#8221; bg_image_animation=&#8221;none&#8221; border_type=&#8221;simple&#8221; column_border_width=&#8221;none&#8221; gradient_type=&#8221;default&#8221;][vc_column_text]<strong>Dr. Karsten Werth<\/strong><\/p>\n<p>Ridlerstra\u00dfe 31c<br \/>\n80339 M\u00fcnchen[\/vc_column_text][vc_row_inner equal_height=&#8221;yes&#8221; content_placement=&#8221;middle&#8221; column_margin=&#8221;default&#8221; column_direction=&#8221;default&#8221; column_direction_tablet=&#8221;default&#8221; column_direction_phone=&#8221;default&#8221; text_align=&#8221;left&#8221; row_position=&#8221;default&#8221; row_position_tablet=&#8221;inherit&#8221; row_position_phone=&#8221;inherit&#8221; overflow=&#8221;visible&#8221; pointer_events=&#8221;all&#8221;][vc_column_inner column_padding=&#8221;no-extra-padding&#8221; column_padding_tablet=&#8221;inherit&#8221; column_padding_phone=&#8221;inherit&#8221; column_padding_position=&#8221;all&#8221; column_element_spacing=&#8221;default&#8221; background_color_opacity=&#8221;1&#8243; background_hover_color_opacity=&#8221;1&#8243; column_shadow=&#8221;none&#8221; column_border_radius=&#8221;none&#8221; column_link_target=&#8221;_self&#8221; gradient_direction=&#8221;left_to_right&#8221; overlay_strength=&#8221;0.3&#8243; width=&#8221;1\/2&#8243; tablet_width_inherit=&#8221;default&#8221; animation_type=&#8221;default&#8221; bg_image_animation=&#8221;none&#8221; border_type=&#8221;simple&#8221; column_border_width=&#8221;none&#8221; column_border_style=&#8221;solid&#8221;][nectar_icon icon_family=&#8221;fontawesome&#8221; icon_style=&#8221;default&#8221; icon_color_type=&#8221;color_scheme&#8221; icon_color=&#8221;Accent-Color&#8221; icon_padding=&#8221;0px&#8221; pointer_events=&#8221;all&#8221; icon_fontawesome=&#8221;fa fa-phone&#8221; url=&#8221;tel: +49896237502&#8243; margin_top=&#8221;30&#8243; icon_size=&#8221;40&#8243;][\/vc_column_inner][vc_column_inner column_padding=&#8221;no-extra-padding&#8221; column_padding_tablet=&#8221;inherit&#8221; column_padding_phone=&#8221;inherit&#8221; column_padding_position=&#8221;all&#8221; column_element_spacing=&#8221;default&#8221; background_color_opacity=&#8221;1&#8243; background_hover_color_opacity=&#8221;1&#8243; column_shadow=&#8221;none&#8221; column_border_radius=&#8221;none&#8221; column_link_target=&#8221;_self&#8221; gradient_direction=&#8221;left_to_right&#8221; overlay_strength=&#8221;0.3&#8243; width=&#8221;1\/2&#8243; tablet_width_inherit=&#8221;default&#8221; animation_type=&#8221;default&#8221; bg_image_animation=&#8221;none&#8221; border_type=&#8221;simple&#8221; column_border_width=&#8221;none&#8221; column_border_style=&#8221;solid&#8221;][nectar_icon icon_family=&#8221;fontawesome&#8221; icon_style=&#8221;default&#8221; icon_color_type=&#8221;color_scheme&#8221; icon_color=&#8221;Accent-Color&#8221; icon_padding=&#8221;0px&#8221; pointer_events=&#8221;all&#8221; icon_fontawesome=&#8221;fa fa-envelope-o&#8221; url=&#8221;mailto: karsten.werth@kraftanlagen.com&#8221; margin_top=&#8221;30&#8243; icon_size=&#8221;40&#8243;][\/vc_column_inner][\/vc_row_inner][\/vc_column][vc_column column_padding=&#8221;no-extra-padding&#8221; column_padding_tablet=&#8221;inherit&#8221; column_padding_phone=&#8221;inherit&#8221; column_padding_position=&#8221;all&#8221; column_element_spacing=&#8221;default&#8221; background_color_opacity=&#8221;1&#8243; background_hover_color_opacity=&#8221;1&#8243; column_shadow=&#8221;none&#8221; column_border_radius=&#8221;none&#8221; column_link_target=&#8221;_self&#8221; column_position=&#8221;default&#8221; gradient_direction=&#8221;left_to_right&#8221; overlay_strength=&#8221;0.3&#8243; width=&#8221;1\/2&#8243; tablet_width_inherit=&#8221;default&#8221; tablet_text_alignment=&#8221;default&#8221; phone_text_alignment=&#8221;default&#8221; animation_type=&#8221;default&#8221; bg_image_animation=&#8221;none&#8221; border_type=&#8221;simple&#8221; column_border_width=&#8221;none&#8221; column_border_style=&#8221;solid&#8221;][\/vc_column][\/vc_row]\n","protected":false},"excerpt":{"rendered":"<p>[vc_row type=&#8221;in_container&#8221; full_screen_row_position=&#8221;middle&#8221; column_margin=&#8221;default&#8221; column_direction=&#8221;default&#8221; column_direction_tablet=&#8221;default&#8221; column_direction_phone=&#8221;default&#8221; scene_position=&#8221;center&#8221; text_color=&#8221;dark&#8221; text_align=&#8221;left&#8221; row_border_radius=&#8221;none&#8221; row_border_radius_applies=&#8221;bg&#8221; overflow=&#8221;visible&#8221; overlay_strength=&#8221;0.3&#8243; gradient_direction=&#8221;left_to_right&#8221; shape_divider_position=&#8221;bottom&#8221; bg_image_animation=&#8221;none&#8221;][vc_column column_padding=&#8221;no-extra-padding&#8221; column_padding_tablet=&#8221;inherit&#8221; column_padding_phone=&#8221;inherit&#8221; column_padding_position=&#8221;all&#8221; column_element_spacing=&#8221;default&#8221; background_color_opacity=&#8221;1&#8243; background_hover_color_opacity=&#8221;1&#8243; column_shadow=&#8221;none&#8221; column_border_radius=&#8221;none&#8221; column_link_target=&#8221;_self&#8221; column_position=&#8221;default&#8221; gradient_direction=&#8221;left_to_right&#8221; overlay_strength=&#8221;0.3&#8243;&#8230;<\/p>\n","protected":false},"author":17,"featured_media":8911,"comment_status":"closed","ping_status":"open","sticky":false,"template":"","format":"standard","meta":{"_acf_changed":false,"inline_featured_image":false,"footnotes":""},"categories":[78],"tags":[],"class_list":{"0":"post-9496","1":"post","2":"type-post","3":"status-publish","4":"format-standard","5":"has-post-thumbnail","7":"category-comunicate-de-presa"},"yoast_head":"<!-- This site is optimized with the Yoast SEO plugin v27.5 - https:\/\/yoast.com\/product\/yoast-seo-wordpress\/ -->\n<title>Pierre Vanstoflegatte, director executiv al diviziei Energies &amp; Services din cadrul Bouygues Construction - Kraftanlagen Energies &amp; Services SE<\/title>\n<meta name=\"robots\" content=\"index, follow, max-snippet:-1, max-image-preview:large, max-video-preview:-1\" \/>\n<link rel=\"canonical\" href=\"https:\/\/www.kraftanlagen.com\/ro\/pierre-vanstoflegatte-director-executiv-al-diviziei-energies-services-din-cadrul-bouygues-construction\/\" \/>\n<meta property=\"og:locale\" content=\"ro_RO\" \/>\n<meta property=\"og:type\" content=\"article\" \/>\n<meta property=\"og:title\" content=\"Pierre Vanstoflegatte, director executiv al diviziei Energies &amp; Services din cadrul Bouygues Construction - Kraftanlagen Energies &amp; Services SE\" \/>\n<meta property=\"og:description\" content=\"[vc_row type=&#8221;in_container&#8221; full_screen_row_position=&#8221;middle&#8221; column_margin=&#8221;default&#8221; column_direction=&#8221;default&#8221; column_direction_tablet=&#8221;default&#8221; column_direction_phone=&#8221;default&#8221; scene_position=&#8221;center&#8221; text_color=&#8221;dark&#8221; text_align=&#8221;left&#8221; row_border_radius=&#8221;none&#8221; row_border_radius_applies=&#8221;bg&#8221; overflow=&#8221;visible&#8221; overlay_strength=&#8221;0.3&#8243; gradient_direction=&#8221;left_to_right&#8221; shape_divider_position=&#8221;bottom&#8221; bg_image_animation=&#8221;none&#8221;][vc_column column_padding=&#8221;no-extra-padding&#8221; column_padding_tablet=&#8221;inherit&#8221; column_padding_phone=&#8221;inherit&#8221; column_padding_position=&#8221;all&#8221; column_element_spacing=&#8221;default&#8221; background_color_opacity=&#8221;1&#8243; background_hover_color_opacity=&#8221;1&#8243; column_shadow=&#8221;none&#8221; column_border_radius=&#8221;none&#8221; column_link_target=&#8221;_self&#8221; column_position=&#8221;default&#8221; gradient_direction=&#8221;left_to_right&#8221; overlay_strength=&#8221;0.3&#8243;...\" \/>\n<meta property=\"og:url\" content=\"https:\/\/www.kraftanlagen.com\/ro\/pierre-vanstoflegatte-director-executiv-al-diviziei-energies-services-din-cadrul-bouygues-construction\/\" \/>\n<meta property=\"og:site_name\" content=\"Kraftanlagen Energies &amp; Services SE\" \/>\n<meta property=\"article:published_time\" content=\"2020-07-03T12:46:57+00:00\" \/>\n<meta property=\"article:modified_time\" content=\"2023-03-28T22:05:10+00:00\" \/>\n<meta property=\"og:image\" content=\"https:\/\/www.kraftanlagen.com\/wp-content\/uploads\/2020\/07\/pierre.webp\" \/>\n\t<meta property=\"og:image:width\" content=\"1366\" \/>\n\t<meta property=\"og:image:height\" content=\"768\" \/>\n\t<meta property=\"og:image:type\" content=\"image\/webp\" \/>\n<meta name=\"author\" content=\"Emanuela Delnilo\" \/>\n<meta name=\"twitter:card\" content=\"summary_large_image\" \/>\n<meta name=\"twitter:label1\" content=\"Scris de\" \/>\n\t<meta name=\"twitter:data1\" content=\"Emanuela Delnilo\" \/>\n\t<meta name=\"twitter:label2\" content=\"Timp estimat pentru citire\" \/>\n\t<meta name=\"twitter:data2\" content=\"9 minute\" \/>\n<script type=\"application\/ld+json\" class=\"yoast-schema-graph\">{\"@context\":\"https:\\\/\\\/schema.org\",\"@graph\":[{\"@type\":\"Article\",\"@id\":\"https:\\\/\\\/www.kraftanlagen.com\\\/ro\\\/pierre-vanstoflegatte-director-executiv-al-diviziei-energies-services-din-cadrul-bouygues-construction\\\/#article\",\"isPartOf\":{\"@id\":\"https:\\\/\\\/www.kraftanlagen.com\\\/ro\\\/pierre-vanstoflegatte-director-executiv-al-diviziei-energies-services-din-cadrul-bouygues-construction\\\/\"},\"author\":{\"name\":\"Emanuela Delnilo\",\"@id\":\"https:\\\/\\\/www.kraftanlagen.com\\\/ro\\\/#\\\/schema\\\/person\\\/6b44eba998048a5f10d24518ffbf52e3\"},\"headline\":\"Pierre Vanstoflegatte, director executiv al diviziei Energies &amp; Services din cadrul Bouygues Construction\",\"datePublished\":\"2020-07-03T12:46:57+00:00\",\"dateModified\":\"2023-03-28T22:05:10+00:00\",\"mainEntityOfPage\":{\"@id\":\"https:\\\/\\\/www.kraftanlagen.com\\\/ro\\\/pierre-vanstoflegatte-director-executiv-al-diviziei-energies-services-din-cadrul-bouygues-construction\\\/\"},\"wordCount\":1798,\"publisher\":{\"@id\":\"https:\\\/\\\/www.kraftanlagen.com\\\/ro\\\/#organization\"},\"image\":{\"@id\":\"https:\\\/\\\/www.kraftanlagen.com\\\/ro\\\/pierre-vanstoflegatte-director-executiv-al-diviziei-energies-services-din-cadrul-bouygues-construction\\\/#primaryimage\"},\"thumbnailUrl\":\"https:\\\/\\\/www.kraftanlagen.com\\\/wp-content\\\/uploads\\\/2020\\\/07\\\/pierre.webp\",\"articleSection\":[\"Comunicate de pres\u0103\"],\"inLanguage\":\"ro-RO\"},{\"@type\":\"WebPage\",\"@id\":\"https:\\\/\\\/www.kraftanlagen.com\\\/ro\\\/pierre-vanstoflegatte-director-executiv-al-diviziei-energies-services-din-cadrul-bouygues-construction\\\/\",\"url\":\"https:\\\/\\\/www.kraftanlagen.com\\\/ro\\\/pierre-vanstoflegatte-director-executiv-al-diviziei-energies-services-din-cadrul-bouygues-construction\\\/\",\"name\":\"Pierre Vanstoflegatte, director executiv al diviziei Energies &amp; Services din cadrul Bouygues Construction - Kraftanlagen Energies &amp; Services SE\",\"isPartOf\":{\"@id\":\"https:\\\/\\\/www.kraftanlagen.com\\\/ro\\\/#website\"},\"primaryImageOfPage\":{\"@id\":\"https:\\\/\\\/www.kraftanlagen.com\\\/ro\\\/pierre-vanstoflegatte-director-executiv-al-diviziei-energies-services-din-cadrul-bouygues-construction\\\/#primaryimage\"},\"image\":{\"@id\":\"https:\\\/\\\/www.kraftanlagen.com\\\/ro\\\/pierre-vanstoflegatte-director-executiv-al-diviziei-energies-services-din-cadrul-bouygues-construction\\\/#primaryimage\"},\"thumbnailUrl\":\"https:\\\/\\\/www.kraftanlagen.com\\\/wp-content\\\/uploads\\\/2020\\\/07\\\/pierre.webp\",\"datePublished\":\"2020-07-03T12:46:57+00:00\",\"dateModified\":\"2023-03-28T22:05:10+00:00\",\"breadcrumb\":{\"@id\":\"https:\\\/\\\/www.kraftanlagen.com\\\/ro\\\/pierre-vanstoflegatte-director-executiv-al-diviziei-energies-services-din-cadrul-bouygues-construction\\\/#breadcrumb\"},\"inLanguage\":\"ro-RO\",\"potentialAction\":[{\"@type\":\"ReadAction\",\"target\":[\"https:\\\/\\\/www.kraftanlagen.com\\\/ro\\\/pierre-vanstoflegatte-director-executiv-al-diviziei-energies-services-din-cadrul-bouygues-construction\\\/\"]}]},{\"@type\":\"ImageObject\",\"inLanguage\":\"ro-RO\",\"@id\":\"https:\\\/\\\/www.kraftanlagen.com\\\/ro\\\/pierre-vanstoflegatte-director-executiv-al-diviziei-energies-services-din-cadrul-bouygues-construction\\\/#primaryimage\",\"url\":\"https:\\\/\\\/www.kraftanlagen.com\\\/wp-content\\\/uploads\\\/2020\\\/07\\\/pierre.webp\",\"contentUrl\":\"https:\\\/\\\/www.kraftanlagen.com\\\/wp-content\\\/uploads\\\/2020\\\/07\\\/pierre.webp\",\"width\":1366,\"height\":768},{\"@type\":\"BreadcrumbList\",\"@id\":\"https:\\\/\\\/www.kraftanlagen.com\\\/ro\\\/pierre-vanstoflegatte-director-executiv-al-diviziei-energies-services-din-cadrul-bouygues-construction\\\/#breadcrumb\",\"itemListElement\":[{\"@type\":\"ListItem\",\"position\":1,\"name\":\"Home\",\"item\":\"https:\\\/\\\/www.kraftanlagen.com\\\/ro\\\/\"},{\"@type\":\"ListItem\",\"position\":2,\"name\":\"Pierre Vanstoflegatte, director executiv al diviziei Energies &amp; Services din cadrul Bouygues Construction\"}]},{\"@type\":\"WebSite\",\"@id\":\"https:\\\/\\\/www.kraftanlagen.com\\\/ro\\\/#website\",\"url\":\"https:\\\/\\\/www.kraftanlagen.com\\\/ro\\\/\",\"name\":\"Kraftanlagen Energies & Services GmbH\",\"description\":\"Speciali\u0219tii dumneavoastr\u0103 \u00een domeniul Decarbonizare\",\"publisher\":{\"@id\":\"https:\\\/\\\/www.kraftanlagen.com\\\/ro\\\/#organization\"},\"alternateName\":\"Kraftanlagen\",\"potentialAction\":[{\"@type\":\"SearchAction\",\"target\":{\"@type\":\"EntryPoint\",\"urlTemplate\":\"https:\\\/\\\/www.kraftanlagen.com\\\/ro\\\/?s={search_term_string}\"},\"query-input\":{\"@type\":\"PropertyValueSpecification\",\"valueRequired\":true,\"valueName\":\"search_term_string\"}}],\"inLanguage\":\"ro-RO\"},{\"@type\":\"Organization\",\"@id\":\"https:\\\/\\\/www.kraftanlagen.com\\\/ro\\\/#organization\",\"name\":\"Kraftanlagen Energies & Services SE\",\"alternateName\":\"Kraftanlagen\",\"url\":\"https:\\\/\\\/www.kraftanlagen.com\\\/ro\\\/\",\"logo\":{\"@type\":\"ImageObject\",\"inLanguage\":\"ro-RO\",\"@id\":\"https:\\\/\\\/www.kraftanlagen.com\\\/ro\\\/#\\\/schema\\\/logo\\\/image\\\/\",\"url\":\"https:\\\/\\\/www.kraftanlagen.com\\\/wp-content\\\/uploads\\\/2022\\\/06\\\/Kraftanlagen-logo-color.svg\",\"contentUrl\":\"https:\\\/\\\/www.kraftanlagen.com\\\/wp-content\\\/uploads\\\/2022\\\/06\\\/Kraftanlagen-logo-color.svg\",\"width\":\"1024\",\"height\":\"1024\",\"caption\":\"Kraftanlagen Energies & Services SE\"},\"image\":{\"@id\":\"https:\\\/\\\/www.kraftanlagen.com\\\/ro\\\/#\\\/schema\\\/logo\\\/image\\\/\"},\"sameAs\":[\"https:\\\/\\\/www.linkedin.com\\\/company\\\/kraftanlagengruppe\",\"https:\\\/\\\/www.xing.com\\\/pages\\\/kraftanlagen-energies-services\",\"https:\\\/\\\/www.youtube.com\\\/user\\\/KAMMXK\"]},{\"@type\":\"Person\",\"@id\":\"https:\\\/\\\/www.kraftanlagen.com\\\/ro\\\/#\\\/schema\\\/person\\\/6b44eba998048a5f10d24518ffbf52e3\",\"name\":\"Emanuela Delnilo\",\"url\":\"https:\\\/\\\/www.kraftanlagen.com\\\/ro\\\/author\\\/emanuela-delnilom2bc-de\\\/\"}]}<\/script>\n<!-- \/ Yoast SEO plugin. -->","yoast_head_json":{"title":"Pierre Vanstoflegatte, director executiv al diviziei Energies &amp; Services din cadrul Bouygues Construction - Kraftanlagen Energies &amp; Services SE","robots":{"index":"index","follow":"follow","max-snippet":"max-snippet:-1","max-image-preview":"max-image-preview:large","max-video-preview":"max-video-preview:-1"},"canonical":"https:\/\/www.kraftanlagen.com\/ro\/pierre-vanstoflegatte-director-executiv-al-diviziei-energies-services-din-cadrul-bouygues-construction\/","og_locale":"ro_RO","og_type":"article","og_title":"Pierre Vanstoflegatte, director executiv al diviziei Energies &amp; Services din cadrul Bouygues Construction - Kraftanlagen Energies &amp; Services SE","og_description":"[vc_row type=&#8221;in_container&#8221; full_screen_row_position=&#8221;middle&#8221; column_margin=&#8221;default&#8221; column_direction=&#8221;default&#8221; column_direction_tablet=&#8221;default&#8221; column_direction_phone=&#8221;default&#8221; scene_position=&#8221;center&#8221; text_color=&#8221;dark&#8221; text_align=&#8221;left&#8221; row_border_radius=&#8221;none&#8221; row_border_radius_applies=&#8221;bg&#8221; overflow=&#8221;visible&#8221; overlay_strength=&#8221;0.3&#8243; gradient_direction=&#8221;left_to_right&#8221; shape_divider_position=&#8221;bottom&#8221; bg_image_animation=&#8221;none&#8221;][vc_column column_padding=&#8221;no-extra-padding&#8221; column_padding_tablet=&#8221;inherit&#8221; column_padding_phone=&#8221;inherit&#8221; column_padding_position=&#8221;all&#8221; column_element_spacing=&#8221;default&#8221; background_color_opacity=&#8221;1&#8243; background_hover_color_opacity=&#8221;1&#8243; column_shadow=&#8221;none&#8221; column_border_radius=&#8221;none&#8221; column_link_target=&#8221;_self&#8221; column_position=&#8221;default&#8221; gradient_direction=&#8221;left_to_right&#8221; overlay_strength=&#8221;0.3&#8243;...","og_url":"https:\/\/www.kraftanlagen.com\/ro\/pierre-vanstoflegatte-director-executiv-al-diviziei-energies-services-din-cadrul-bouygues-construction\/","og_site_name":"Kraftanlagen Energies &amp; Services SE","article_published_time":"2020-07-03T12:46:57+00:00","article_modified_time":"2023-03-28T22:05:10+00:00","og_image":[{"width":1366,"height":768,"url":"https:\/\/www.kraftanlagen.com\/wp-content\/uploads\/2020\/07\/pierre.webp","type":"image\/webp"}],"author":"Emanuela Delnilo","twitter_card":"summary_large_image","twitter_misc":{"Scris de":"Emanuela Delnilo","Timp estimat pentru citire":"9 minute"},"schema":{"@context":"https:\/\/schema.org","@graph":[{"@type":"Article","@id":"https:\/\/www.kraftanlagen.com\/ro\/pierre-vanstoflegatte-director-executiv-al-diviziei-energies-services-din-cadrul-bouygues-construction\/#article","isPartOf":{"@id":"https:\/\/www.kraftanlagen.com\/ro\/pierre-vanstoflegatte-director-executiv-al-diviziei-energies-services-din-cadrul-bouygues-construction\/"},"author":{"name":"Emanuela Delnilo","@id":"https:\/\/www.kraftanlagen.com\/ro\/#\/schema\/person\/6b44eba998048a5f10d24518ffbf52e3"},"headline":"Pierre Vanstoflegatte, director executiv al diviziei Energies &amp; Services din cadrul Bouygues Construction","datePublished":"2020-07-03T12:46:57+00:00","dateModified":"2023-03-28T22:05:10+00:00","mainEntityOfPage":{"@id":"https:\/\/www.kraftanlagen.com\/ro\/pierre-vanstoflegatte-director-executiv-al-diviziei-energies-services-din-cadrul-bouygues-construction\/"},"wordCount":1798,"publisher":{"@id":"https:\/\/www.kraftanlagen.com\/ro\/#organization"},"image":{"@id":"https:\/\/www.kraftanlagen.com\/ro\/pierre-vanstoflegatte-director-executiv-al-diviziei-energies-services-din-cadrul-bouygues-construction\/#primaryimage"},"thumbnailUrl":"https:\/\/www.kraftanlagen.com\/wp-content\/uploads\/2020\/07\/pierre.webp","articleSection":["Comunicate de pres\u0103"],"inLanguage":"ro-RO"},{"@type":"WebPage","@id":"https:\/\/www.kraftanlagen.com\/ro\/pierre-vanstoflegatte-director-executiv-al-diviziei-energies-services-din-cadrul-bouygues-construction\/","url":"https:\/\/www.kraftanlagen.com\/ro\/pierre-vanstoflegatte-director-executiv-al-diviziei-energies-services-din-cadrul-bouygues-construction\/","name":"Pierre Vanstoflegatte, director executiv al diviziei Energies &amp; Services din cadrul Bouygues Construction - Kraftanlagen Energies &amp; Services SE","isPartOf":{"@id":"https:\/\/www.kraftanlagen.com\/ro\/#website"},"primaryImageOfPage":{"@id":"https:\/\/www.kraftanlagen.com\/ro\/pierre-vanstoflegatte-director-executiv-al-diviziei-energies-services-din-cadrul-bouygues-construction\/#primaryimage"},"image":{"@id":"https:\/\/www.kraftanlagen.com\/ro\/pierre-vanstoflegatte-director-executiv-al-diviziei-energies-services-din-cadrul-bouygues-construction\/#primaryimage"},"thumbnailUrl":"https:\/\/www.kraftanlagen.com\/wp-content\/uploads\/2020\/07\/pierre.webp","datePublished":"2020-07-03T12:46:57+00:00","dateModified":"2023-03-28T22:05:10+00:00","breadcrumb":{"@id":"https:\/\/www.kraftanlagen.com\/ro\/pierre-vanstoflegatte-director-executiv-al-diviziei-energies-services-din-cadrul-bouygues-construction\/#breadcrumb"},"inLanguage":"ro-RO","potentialAction":[{"@type":"ReadAction","target":["https:\/\/www.kraftanlagen.com\/ro\/pierre-vanstoflegatte-director-executiv-al-diviziei-energies-services-din-cadrul-bouygues-construction\/"]}]},{"@type":"ImageObject","inLanguage":"ro-RO","@id":"https:\/\/www.kraftanlagen.com\/ro\/pierre-vanstoflegatte-director-executiv-al-diviziei-energies-services-din-cadrul-bouygues-construction\/#primaryimage","url":"https:\/\/www.kraftanlagen.com\/wp-content\/uploads\/2020\/07\/pierre.webp","contentUrl":"https:\/\/www.kraftanlagen.com\/wp-content\/uploads\/2020\/07\/pierre.webp","width":1366,"height":768},{"@type":"BreadcrumbList","@id":"https:\/\/www.kraftanlagen.com\/ro\/pierre-vanstoflegatte-director-executiv-al-diviziei-energies-services-din-cadrul-bouygues-construction\/#breadcrumb","itemListElement":[{"@type":"ListItem","position":1,"name":"Home","item":"https:\/\/www.kraftanlagen.com\/ro\/"},{"@type":"ListItem","position":2,"name":"Pierre Vanstoflegatte, director executiv al diviziei Energies &amp; Services din cadrul Bouygues Construction"}]},{"@type":"WebSite","@id":"https:\/\/www.kraftanlagen.com\/ro\/#website","url":"https:\/\/www.kraftanlagen.com\/ro\/","name":"Kraftanlagen Energies & Services GmbH","description":"Speciali\u0219tii dumneavoastr\u0103 \u00een domeniul Decarbonizare","publisher":{"@id":"https:\/\/www.kraftanlagen.com\/ro\/#organization"},"alternateName":"Kraftanlagen","potentialAction":[{"@type":"SearchAction","target":{"@type":"EntryPoint","urlTemplate":"https:\/\/www.kraftanlagen.com\/ro\/?s={search_term_string}"},"query-input":{"@type":"PropertyValueSpecification","valueRequired":true,"valueName":"search_term_string"}}],"inLanguage":"ro-RO"},{"@type":"Organization","@id":"https:\/\/www.kraftanlagen.com\/ro\/#organization","name":"Kraftanlagen Energies & Services SE","alternateName":"Kraftanlagen","url":"https:\/\/www.kraftanlagen.com\/ro\/","logo":{"@type":"ImageObject","inLanguage":"ro-RO","@id":"https:\/\/www.kraftanlagen.com\/ro\/#\/schema\/logo\/image\/","url":"https:\/\/www.kraftanlagen.com\/wp-content\/uploads\/2022\/06\/Kraftanlagen-logo-color.svg","contentUrl":"https:\/\/www.kraftanlagen.com\/wp-content\/uploads\/2022\/06\/Kraftanlagen-logo-color.svg","width":"1024","height":"1024","caption":"Kraftanlagen Energies & Services SE"},"image":{"@id":"https:\/\/www.kraftanlagen.com\/ro\/#\/schema\/logo\/image\/"},"sameAs":["https:\/\/www.linkedin.com\/company\/kraftanlagengruppe","https:\/\/www.xing.com\/pages\/kraftanlagen-energies-services","https:\/\/www.youtube.com\/user\/KAMMXK"]},{"@type":"Person","@id":"https:\/\/www.kraftanlagen.com\/ro\/#\/schema\/person\/6b44eba998048a5f10d24518ffbf52e3","name":"Emanuela Delnilo","url":"https:\/\/www.kraftanlagen.com\/ro\/author\/emanuela-delnilom2bc-de\/"}]}},"acf":[],"_links":{"self":[{"href":"https:\/\/www.kraftanlagen.com\/ro\/wp-json\/wp\/v2\/posts\/9496","targetHints":{"allow":["GET"]}}],"collection":[{"href":"https:\/\/www.kraftanlagen.com\/ro\/wp-json\/wp\/v2\/posts"}],"about":[{"href":"https:\/\/www.kraftanlagen.com\/ro\/wp-json\/wp\/v2\/types\/post"}],"author":[{"embeddable":true,"href":"https:\/\/www.kraftanlagen.com\/ro\/wp-json\/wp\/v2\/users\/17"}],"replies":[{"embeddable":true,"href":"https:\/\/www.kraftanlagen.com\/ro\/wp-json\/wp\/v2\/comments?post=9496"}],"version-history":[{"count":2,"href":"https:\/\/www.kraftanlagen.com\/ro\/wp-json\/wp\/v2\/posts\/9496\/revisions"}],"predecessor-version":[{"id":9498,"href":"https:\/\/www.kraftanlagen.com\/ro\/wp-json\/wp\/v2\/posts\/9496\/revisions\/9498"}],"wp:featuredmedia":[{"embeddable":true,"href":"https:\/\/www.kraftanlagen.com\/ro\/wp-json\/wp\/v2\/media\/8911"}],"wp:attachment":[{"href":"https:\/\/www.kraftanlagen.com\/ro\/wp-json\/wp\/v2\/media?parent=9496"}],"wp:term":[{"taxonomy":"category","embeddable":true,"href":"https:\/\/www.kraftanlagen.com\/ro\/wp-json\/wp\/v2\/categories?post=9496"},{"taxonomy":"post_tag","embeddable":true,"href":"https:\/\/www.kraftanlagen.com\/ro\/wp-json\/wp\/v2\/tags?post=9496"}],"curies":[{"name":"wp","href":"https:\/\/api.w.org\/{rel}","templated":true}]}}