{"id":9413,"date":"2021-01-19T15:15:42","date_gmt":"2021-01-19T13:15:42","guid":{"rendered":"https:\/\/alt.kraftanlagen.com\/\/alfons-weber-nou-membru-in-conducerea-grupului-kraftanlagen\/"},"modified":"2023-03-28T22:41:54","modified_gmt":"2023-03-28T20:41:54","slug":"alfons-weber-nou-membru-in-conducerea-grupului-kraftanlagen","status":"publish","type":"post","link":"https:\/\/www.kraftanlagen.com\/ro\/alfons-weber-nou-membru-in-conducerea-grupului-kraftanlagen\/","title":{"rendered":"Alfons Weber, nou membru \u00een conducerea Grupului Kraftanlagen"},"content":{"rendered":"[vc_row type=&#8221;in_container&#8221; full_screen_row_position=&#8221;middle&#8221; column_margin=&#8221;default&#8221; column_direction=&#8221;default&#8221; column_direction_tablet=&#8221;default&#8221; column_direction_phone=&#8221;default&#8221; scene_position=&#8221;center&#8221; text_color=&#8221;dark&#8221; text_align=&#8221;left&#8221; row_border_radius=&#8221;none&#8221; row_border_radius_applies=&#8221;bg&#8221; overflow=&#8221;visible&#8221; overlay_strength=&#8221;0.3&#8243; gradient_direction=&#8221;left_to_right&#8221; shape_divider_position=&#8221;bottom&#8221; bg_image_animation=&#8221;none&#8221;][vc_column column_padding=&#8221;no-extra-padding&#8221; column_padding_tablet=&#8221;inherit&#8221; column_padding_phone=&#8221;inherit&#8221; column_padding_position=&#8221;all&#8221; column_element_spacing=&#8221;default&#8221; background_color_opacity=&#8221;1&#8243; background_hover_color_opacity=&#8221;1&#8243; column_shadow=&#8221;none&#8221; column_border_radius=&#8221;none&#8221; column_link_target=&#8221;_self&#8221; column_position=&#8221;default&#8221; gradient_direction=&#8221;left_to_right&#8221; overlay_strength=&#8221;0.3&#8243; width=&#8221;1\/1&#8243; tablet_width_inherit=&#8221;default&#8221; tablet_text_alignment=&#8221;default&#8221; phone_text_alignment=&#8221;default&#8221; animation_type=&#8221;default&#8221; bg_image_animation=&#8221;none&#8221; border_type=&#8221;simple&#8221; column_border_width=&#8221;none&#8221; column_border_style=&#8221;solid&#8221;][vc_column_text]\n<h4>Director general activit\u0103\u021bi opera\u021bionale \u00eencep\u00e2nd cu 01 ianuarie 2021<\/h4>\n[\/vc_column_text][\/vc_column][\/vc_row][vc_row type=&#8221;in_container&#8221; full_screen_row_position=&#8221;middle&#8221; column_margin=&#8221;default&#8221; column_direction=&#8221;default&#8221; column_direction_tablet=&#8221;default&#8221; column_direction_phone=&#8221;default&#8221; scene_position=&#8221;center&#8221; text_color=&#8221;dark&#8221; text_align=&#8221;left&#8221; row_border_radius=&#8221;none&#8221; row_border_radius_applies=&#8221;bg&#8221; overflow=&#8221;visible&#8221; overlay_strength=&#8221;0.3&#8243; gradient_direction=&#8221;left_to_right&#8221; shape_divider_position=&#8221;bottom&#8221; bg_image_animation=&#8221;none&#8221;][vc_column column_padding=&#8221;no-extra-padding&#8221; column_padding_tablet=&#8221;inherit&#8221; column_padding_phone=&#8221;inherit&#8221; column_padding_position=&#8221;all&#8221; column_element_spacing=&#8221;default&#8221; background_color_opacity=&#8221;1&#8243; background_hover_color_opacity=&#8221;1&#8243; column_shadow=&#8221;none&#8221; column_border_radius=&#8221;none&#8221; column_link_target=&#8221;_self&#8221; column_position=&#8221;default&#8221; gradient_direction=&#8221;left_to_right&#8221; overlay_strength=&#8221;0.3&#8243; width=&#8221;1\/1&#8243; tablet_width_inherit=&#8221;default&#8221; tablet_text_alignment=&#8221;default&#8221; phone_text_alignment=&#8221;default&#8221; animation_type=&#8221;default&#8221; bg_image_animation=&#8221;none&#8221; border_type=&#8221;simple&#8221; column_border_width=&#8221;none&#8221; column_border_style=&#8221;solid&#8221;][vc_column_text]<span class=\"nectar-dropcap\" >C<\/span>onsiliul de Administra\u021bie l-a numit pe Alfons Weber \u00eencep\u00e2nd cu data de 01 ianuarie 2021 ca noul Chief Operating Officer (COO) al Kraftanlagen M\u00fcnchen GmbH \u0219i al Grupului Kraftanlagen. Alfons Weber lucreaz\u0103 \u00een cadrul \u00eentreprinderii din 1987 \u0219i \u00een cei peste 30 de ani a contribuit decisiv la succesul Kraftanlagen M\u00fcnchen GmbH \u0219i al Grupului Kraftanlagen. Pozi\u021biile sale includ conducerea diviziei Tehnologie energetic\u0103 \u015fi de mediu \u0219i a unit\u0103\u021bii opera\u021bionale Construc\u021bia de conducte subterane \u0219i \u00een ultimul timp Tehnologia energiei \u0219i a centralelor energetice. De asemenea, timp de \u0219apte ani a activat \u00een Consiliul de Administra\u021bie al Grupului Kraftanlagen ca reprezentant al personalului din partea cadrelor cu func\u021bii de conducere.<\/p>\n<p>Alfons Weber \u00eel \u00eenlocuie\u0219te pe Alexander Gremm, care a ie\u0219it la pensie la sf\u00e2r\u0219itul anului 2020.[\/vc_column_text][\/vc_column][\/vc_row][vc_row type=&#8221;in_container&#8221; full_screen_row_position=&#8221;middle&#8221; column_margin=&#8221;default&#8221; column_direction=&#8221;default&#8221; column_direction_tablet=&#8221;default&#8221; column_direction_phone=&#8221;default&#8221; scene_position=&#8221;center&#8221; text_color=&#8221;dark&#8221; text_align=&#8221;left&#8221; row_border_radius=&#8221;none&#8221; row_border_radius_applies=&#8221;bg&#8221; overflow=&#8221;visible&#8221; overlay_strength=&#8221;0.3&#8243; gradient_direction=&#8221;left_to_right&#8221; shape_divider_position=&#8221;bottom&#8221; bg_image_animation=&#8221;none&#8221;][vc_column column_padding=&#8221;no-extra-padding&#8221; column_padding_tablet=&#8221;inherit&#8221; column_padding_phone=&#8221;inherit&#8221; column_padding_position=&#8221;all&#8221; column_element_spacing=&#8221;default&#8221; background_color_opacity=&#8221;1&#8243; background_hover_color_opacity=&#8221;1&#8243; column_shadow=&#8221;none&#8221; column_border_radius=&#8221;none&#8221; column_link_target=&#8221;_self&#8221; column_position=&#8221;default&#8221; gradient_direction=&#8221;left_to_right&#8221; overlay_strength=&#8221;0.3&#8243; width=&#8221;2\/3&#8243; tablet_width_inherit=&#8221;default&#8221; tablet_text_alignment=&#8221;default&#8221; phone_text_alignment=&#8221;default&#8221; animation_type=&#8221;default&#8221; bg_image_animation=&#8221;none&#8221; border_type=&#8221;simple&#8221; column_border_width=&#8221;none&#8221; column_border_style=&#8221;solid&#8221;][image_with_animation image_url=&#8221;8300&#8243; image_size=&#8221;full&#8221; animation_type=&#8221;entrance&#8221; animation=&#8221;None&#8221; hover_animation=&#8221;none&#8221; alignment=&#8221;&#8221; border_radius=&#8221;20px&#8221; box_shadow=&#8221;none&#8221; image_loading=&#8221;default&#8221; max_width=&#8221;100%&#8221; max_width_mobile=&#8221;default&#8221;][\/vc_column][vc_column column_padding=&#8221;no-extra-padding&#8221; column_padding_tablet=&#8221;inherit&#8221; column_padding_phone=&#8221;inherit&#8221; column_padding_position=&#8221;all&#8221; column_element_spacing=&#8221;default&#8221; background_color_opacity=&#8221;1&#8243; background_hover_color_opacity=&#8221;1&#8243; column_shadow=&#8221;none&#8221; column_border_radius=&#8221;none&#8221; column_link_target=&#8221;_self&#8221; column_position=&#8221;default&#8221; gradient_direction=&#8221;left_to_right&#8221; overlay_strength=&#8221;0.3&#8243; width=&#8221;1\/3&#8243; tablet_width_inherit=&#8221;default&#8221; tablet_text_alignment=&#8221;default&#8221; phone_text_alignment=&#8221;default&#8221; animation_type=&#8221;default&#8221; bg_image_animation=&#8221;none&#8221; border_type=&#8221;simple&#8221; column_border_width=&#8221;none&#8221; column_border_style=&#8221;solid&#8221;][\/vc_column][\/vc_row][vc_row type=&#8221;in_container&#8221; full_screen_row_position=&#8221;middle&#8221; column_margin=&#8221;default&#8221; column_direction=&#8221;default&#8221; column_direction_tablet=&#8221;default&#8221; column_direction_phone=&#8221;default&#8221; scene_position=&#8221;center&#8221; text_color=&#8221;dark&#8221; text_align=&#8221;left&#8221; row_border_radius=&#8221;none&#8221; row_border_radius_applies=&#8221;bg&#8221; overflow=&#8221;visible&#8221; overlay_strength=&#8221;0.3&#8243; gradient_direction=&#8221;left_to_right&#8221; shape_divider_position=&#8221;bottom&#8221; bg_image_animation=&#8221;none&#8221;][vc_column column_padding=&#8221;padding-5-percent&#8221; column_padding_tablet=&#8221;inherit&#8221; column_padding_phone=&#8221;inherit&#8221; column_padding_position=&#8221;all&#8221; column_element_spacing=&#8221;default&#8221; background_color=&#8221;#f7f7f7&#8243; background_color_opacity=&#8221;1&#8243; background_hover_color_opacity=&#8221;1&#8243; column_shadow=&#8221;small_depth&#8221; column_border_radius=&#8221;20px&#8221; column_link_target=&#8221;_self&#8221; column_position=&#8221;default&#8221; advanced_gradient_angle=&#8221;0&#8243; gradient_direction=&#8221;left_to_right&#8221; overlay_strength=&#8221;0.3&#8243; width=&#8221;1\/2&#8243; tablet_width_inherit=&#8221;default&#8221; tablet_text_alignment=&#8221;default&#8221; phone_text_alignment=&#8221;default&#8221; animation_type=&#8221;default&#8221; bg_image_animation=&#8221;none&#8221; border_type=&#8221;simple&#8221; column_border_width=&#8221;none&#8221; gradient_type=&#8221;default&#8221;][vc_column_text]<strong>Dr. Karsten Werth<\/strong><\/p>\n<p>Ridlerstra\u00dfe 31c<br \/>\n80339 M\u00fcnchen[\/vc_column_text][vc_row_inner equal_height=&#8221;yes&#8221; content_placement=&#8221;middle&#8221; column_margin=&#8221;default&#8221; column_direction=&#8221;default&#8221; column_direction_tablet=&#8221;default&#8221; column_direction_phone=&#8221;default&#8221; text_align=&#8221;left&#8221; row_position=&#8221;default&#8221; row_position_tablet=&#8221;inherit&#8221; row_position_phone=&#8221;inherit&#8221; overflow=&#8221;visible&#8221; pointer_events=&#8221;all&#8221;][vc_column_inner column_padding=&#8221;no-extra-padding&#8221; column_padding_tablet=&#8221;inherit&#8221; column_padding_phone=&#8221;inherit&#8221; column_padding_position=&#8221;all&#8221; column_element_spacing=&#8221;default&#8221; background_color_opacity=&#8221;1&#8243; background_hover_color_opacity=&#8221;1&#8243; column_shadow=&#8221;none&#8221; column_border_radius=&#8221;none&#8221; column_link_target=&#8221;_self&#8221; gradient_direction=&#8221;left_to_right&#8221; overlay_strength=&#8221;0.3&#8243; width=&#8221;1\/2&#8243; tablet_width_inherit=&#8221;default&#8221; animation_type=&#8221;default&#8221; bg_image_animation=&#8221;none&#8221; border_type=&#8221;simple&#8221; column_border_width=&#8221;none&#8221; column_border_style=&#8221;solid&#8221;][nectar_icon icon_family=&#8221;fontawesome&#8221; icon_style=&#8221;default&#8221; icon_color_type=&#8221;color_scheme&#8221; icon_color=&#8221;Accent-Color&#8221; icon_padding=&#8221;0px&#8221; pointer_events=&#8221;all&#8221; icon_fontawesome=&#8221;fa fa-phone&#8221; url=&#8221;tel: +49896237502&#8243; margin_top=&#8221;30&#8243; icon_size=&#8221;40&#8243;][\/vc_column_inner][vc_column_inner column_padding=&#8221;no-extra-padding&#8221; column_padding_tablet=&#8221;inherit&#8221; column_padding_phone=&#8221;inherit&#8221; column_padding_position=&#8221;all&#8221; column_element_spacing=&#8221;default&#8221; background_color_opacity=&#8221;1&#8243; background_hover_color_opacity=&#8221;1&#8243; column_shadow=&#8221;none&#8221; column_border_radius=&#8221;none&#8221; column_link_target=&#8221;_self&#8221; gradient_direction=&#8221;left_to_right&#8221; overlay_strength=&#8221;0.3&#8243; width=&#8221;1\/2&#8243; tablet_width_inherit=&#8221;default&#8221; animation_type=&#8221;default&#8221; bg_image_animation=&#8221;none&#8221; border_type=&#8221;simple&#8221; column_border_width=&#8221;none&#8221; column_border_style=&#8221;solid&#8221;][nectar_icon icon_family=&#8221;fontawesome&#8221; icon_style=&#8221;default&#8221; icon_color_type=&#8221;color_scheme&#8221; icon_color=&#8221;Accent-Color&#8221; icon_padding=&#8221;0px&#8221; pointer_events=&#8221;all&#8221; icon_fontawesome=&#8221;fa fa-envelope-o&#8221; url=&#8221;mailto: karsten.werth@kraftanlagen.com&#8221; margin_top=&#8221;30&#8243; icon_size=&#8221;40&#8243;][\/vc_column_inner][\/vc_row_inner][\/vc_column][vc_column column_padding=&#8221;no-extra-padding&#8221; column_padding_tablet=&#8221;inherit&#8221; column_padding_phone=&#8221;inherit&#8221; column_padding_position=&#8221;all&#8221; column_element_spacing=&#8221;default&#8221; background_color_opacity=&#8221;1&#8243; background_hover_color_opacity=&#8221;1&#8243; column_shadow=&#8221;none&#8221; column_border_radius=&#8221;none&#8221; column_link_target=&#8221;_self&#8221; column_position=&#8221;default&#8221; gradient_direction=&#8221;left_to_right&#8221; overlay_strength=&#8221;0.3&#8243; width=&#8221;1\/2&#8243; tablet_width_inherit=&#8221;default&#8221; tablet_text_alignment=&#8221;default&#8221; phone_text_alignment=&#8221;default&#8221; animation_type=&#8221;default&#8221; bg_image_animation=&#8221;none&#8221; border_type=&#8221;simple&#8221; column_border_width=&#8221;none&#8221; column_border_style=&#8221;solid&#8221;][\/vc_column][\/vc_row]\n","protected":false},"excerpt":{"rendered":"<p>[vc_row type=&#8221;in_container&#8221; full_screen_row_position=&#8221;middle&#8221; column_margin=&#8221;default&#8221; column_direction=&#8221;default&#8221; column_direction_tablet=&#8221;default&#8221; column_direction_phone=&#8221;default&#8221; scene_position=&#8221;center&#8221; text_color=&#8221;dark&#8221; text_align=&#8221;left&#8221; row_border_radius=&#8221;none&#8221; row_border_radius_applies=&#8221;bg&#8221; overflow=&#8221;visible&#8221; overlay_strength=&#8221;0.3&#8243; gradient_direction=&#8221;left_to_right&#8221; shape_divider_position=&#8221;bottom&#8221; bg_image_animation=&#8221;none&#8221;][vc_column column_padding=&#8221;no-extra-padding&#8221; column_padding_tablet=&#8221;inherit&#8221; column_padding_phone=&#8221;inherit&#8221; column_padding_position=&#8221;all&#8221; column_element_spacing=&#8221;default&#8221; background_color_opacity=&#8221;1&#8243; background_hover_color_opacity=&#8221;1&#8243; column_shadow=&#8221;none&#8221; column_border_radius=&#8221;none&#8221; column_link_target=&#8221;_self&#8221; column_position=&#8221;default&#8221; gradient_direction=&#8221;left_to_right&#8221; overlay_strength=&#8221;0.3&#8243;&#8230;<\/p>\n","protected":false},"author":17,"featured_media":8899,"comment_status":"closed","ping_status":"open","sticky":false,"template":"","format":"standard","meta":{"_acf_changed":false,"inline_featured_image":false,"footnotes":""},"categories":[78],"tags":[],"class_list":{"0":"post-9413","1":"post","2":"type-post","3":"status-publish","4":"format-standard","5":"has-post-thumbnail","7":"category-comunicate-de-presa"},"yoast_head":"<!-- This site is optimized with the Yoast SEO plugin v27.5 - https:\/\/yoast.com\/product\/yoast-seo-wordpress\/ -->\n<title>Alfons Weber, nou membru \u00een conducerea Grupului Kraftanlagen - Kraftanlagen Energies &amp; Services SE<\/title>\n<meta name=\"robots\" content=\"index, follow, max-snippet:-1, max-image-preview:large, max-video-preview:-1\" \/>\n<link rel=\"canonical\" href=\"https:\/\/www.kraftanlagen.com\/ro\/alfons-weber-nou-membru-in-conducerea-grupului-kraftanlagen\/\" \/>\n<meta property=\"og:locale\" content=\"ro_RO\" \/>\n<meta property=\"og:type\" content=\"article\" \/>\n<meta property=\"og:title\" content=\"Alfons Weber, nou membru \u00een conducerea Grupului Kraftanlagen - Kraftanlagen Energies &amp; Services SE\" \/>\n<meta property=\"og:description\" content=\"[vc_row type=&#8221;in_container&#8221; full_screen_row_position=&#8221;middle&#8221; column_margin=&#8221;default&#8221; column_direction=&#8221;default&#8221; column_direction_tablet=&#8221;default&#8221; column_direction_phone=&#8221;default&#8221; scene_position=&#8221;center&#8221; text_color=&#8221;dark&#8221; text_align=&#8221;left&#8221; row_border_radius=&#8221;none&#8221; row_border_radius_applies=&#8221;bg&#8221; overflow=&#8221;visible&#8221; overlay_strength=&#8221;0.3&#8243; gradient_direction=&#8221;left_to_right&#8221; shape_divider_position=&#8221;bottom&#8221; bg_image_animation=&#8221;none&#8221;][vc_column column_padding=&#8221;no-extra-padding&#8221; column_padding_tablet=&#8221;inherit&#8221; column_padding_phone=&#8221;inherit&#8221; column_padding_position=&#8221;all&#8221; column_element_spacing=&#8221;default&#8221; background_color_opacity=&#8221;1&#8243; background_hover_color_opacity=&#8221;1&#8243; column_shadow=&#8221;none&#8221; column_border_radius=&#8221;none&#8221; column_link_target=&#8221;_self&#8221; column_position=&#8221;default&#8221; gradient_direction=&#8221;left_to_right&#8221; overlay_strength=&#8221;0.3&#8243;...\" \/>\n<meta property=\"og:url\" content=\"https:\/\/www.kraftanlagen.com\/ro\/alfons-weber-nou-membru-in-conducerea-grupului-kraftanlagen\/\" \/>\n<meta property=\"og:site_name\" content=\"Kraftanlagen Energies &amp; Services SE\" \/>\n<meta property=\"article:published_time\" content=\"2021-01-19T13:15:42+00:00\" \/>\n<meta property=\"article:modified_time\" content=\"2023-03-28T20:41:54+00:00\" \/>\n<meta property=\"og:image\" content=\"https:\/\/www.kraftanlagen.com\/wp-content\/uploads\/2021\/04\/alfons.webp\" \/>\n\t<meta property=\"og:image:width\" content=\"1366\" \/>\n\t<meta property=\"og:image:height\" content=\"768\" \/>\n\t<meta property=\"og:image:type\" content=\"image\/webp\" \/>\n<meta name=\"author\" content=\"Emanuela Delnilo\" \/>\n<meta name=\"twitter:card\" content=\"summary_large_image\" \/>\n<meta name=\"twitter:label1\" content=\"Scris de\" \/>\n\t<meta name=\"twitter:data1\" content=\"Emanuela Delnilo\" \/>\n\t<meta name=\"twitter:label2\" content=\"Timp estimat pentru citire\" \/>\n\t<meta name=\"twitter:data2\" content=\"6 minute\" \/>\n<script type=\"application\/ld+json\" class=\"yoast-schema-graph\">{\"@context\":\"https:\\\/\\\/schema.org\",\"@graph\":[{\"@type\":\"Article\",\"@id\":\"https:\\\/\\\/www.kraftanlagen.com\\\/ro\\\/alfons-weber-nou-membru-in-conducerea-grupului-kraftanlagen\\\/#article\",\"isPartOf\":{\"@id\":\"https:\\\/\\\/www.kraftanlagen.com\\\/ro\\\/alfons-weber-nou-membru-in-conducerea-grupului-kraftanlagen\\\/\"},\"author\":{\"name\":\"Emanuela Delnilo\",\"@id\":\"https:\\\/\\\/www.kraftanlagen.com\\\/ro\\\/#\\\/schema\\\/person\\\/6b44eba998048a5f10d24518ffbf52e3\"},\"headline\":\"Alfons Weber, nou membru \u00een conducerea Grupului Kraftanlagen\",\"datePublished\":\"2021-01-19T13:15:42+00:00\",\"dateModified\":\"2023-03-28T20:41:54+00:00\",\"mainEntityOfPage\":{\"@id\":\"https:\\\/\\\/www.kraftanlagen.com\\\/ro\\\/alfons-weber-nou-membru-in-conducerea-grupului-kraftanlagen\\\/\"},\"wordCount\":1221,\"publisher\":{\"@id\":\"https:\\\/\\\/www.kraftanlagen.com\\\/ro\\\/#organization\"},\"image\":{\"@id\":\"https:\\\/\\\/www.kraftanlagen.com\\\/ro\\\/alfons-weber-nou-membru-in-conducerea-grupului-kraftanlagen\\\/#primaryimage\"},\"thumbnailUrl\":\"https:\\\/\\\/www.kraftanlagen.com\\\/wp-content\\\/uploads\\\/2021\\\/04\\\/alfons.webp\",\"articleSection\":[\"Comunicate de pres\u0103\"],\"inLanguage\":\"ro-RO\"},{\"@type\":\"WebPage\",\"@id\":\"https:\\\/\\\/www.kraftanlagen.com\\\/ro\\\/alfons-weber-nou-membru-in-conducerea-grupului-kraftanlagen\\\/\",\"url\":\"https:\\\/\\\/www.kraftanlagen.com\\\/ro\\\/alfons-weber-nou-membru-in-conducerea-grupului-kraftanlagen\\\/\",\"name\":\"Alfons Weber, nou membru \u00een conducerea Grupului Kraftanlagen - Kraftanlagen Energies &amp; Services SE\",\"isPartOf\":{\"@id\":\"https:\\\/\\\/www.kraftanlagen.com\\\/ro\\\/#website\"},\"primaryImageOfPage\":{\"@id\":\"https:\\\/\\\/www.kraftanlagen.com\\\/ro\\\/alfons-weber-nou-membru-in-conducerea-grupului-kraftanlagen\\\/#primaryimage\"},\"image\":{\"@id\":\"https:\\\/\\\/www.kraftanlagen.com\\\/ro\\\/alfons-weber-nou-membru-in-conducerea-grupului-kraftanlagen\\\/#primaryimage\"},\"thumbnailUrl\":\"https:\\\/\\\/www.kraftanlagen.com\\\/wp-content\\\/uploads\\\/2021\\\/04\\\/alfons.webp\",\"datePublished\":\"2021-01-19T13:15:42+00:00\",\"dateModified\":\"2023-03-28T20:41:54+00:00\",\"breadcrumb\":{\"@id\":\"https:\\\/\\\/www.kraftanlagen.com\\\/ro\\\/alfons-weber-nou-membru-in-conducerea-grupului-kraftanlagen\\\/#breadcrumb\"},\"inLanguage\":\"ro-RO\",\"potentialAction\":[{\"@type\":\"ReadAction\",\"target\":[\"https:\\\/\\\/www.kraftanlagen.com\\\/ro\\\/alfons-weber-nou-membru-in-conducerea-grupului-kraftanlagen\\\/\"]}]},{\"@type\":\"ImageObject\",\"inLanguage\":\"ro-RO\",\"@id\":\"https:\\\/\\\/www.kraftanlagen.com\\\/ro\\\/alfons-weber-nou-membru-in-conducerea-grupului-kraftanlagen\\\/#primaryimage\",\"url\":\"https:\\\/\\\/www.kraftanlagen.com\\\/wp-content\\\/uploads\\\/2021\\\/04\\\/alfons.webp\",\"contentUrl\":\"https:\\\/\\\/www.kraftanlagen.com\\\/wp-content\\\/uploads\\\/2021\\\/04\\\/alfons.webp\",\"width\":1366,\"height\":768},{\"@type\":\"BreadcrumbList\",\"@id\":\"https:\\\/\\\/www.kraftanlagen.com\\\/ro\\\/alfons-weber-nou-membru-in-conducerea-grupului-kraftanlagen\\\/#breadcrumb\",\"itemListElement\":[{\"@type\":\"ListItem\",\"position\":1,\"name\":\"Home\",\"item\":\"https:\\\/\\\/www.kraftanlagen.com\\\/ro\\\/\"},{\"@type\":\"ListItem\",\"position\":2,\"name\":\"Alfons Weber, nou membru \u00een conducerea Grupului Kraftanlagen\"}]},{\"@type\":\"WebSite\",\"@id\":\"https:\\\/\\\/www.kraftanlagen.com\\\/ro\\\/#website\",\"url\":\"https:\\\/\\\/www.kraftanlagen.com\\\/ro\\\/\",\"name\":\"Kraftanlagen Energies & Services GmbH\",\"description\":\"Speciali\u0219tii dumneavoastr\u0103 \u00een domeniul Decarbonizare\",\"publisher\":{\"@id\":\"https:\\\/\\\/www.kraftanlagen.com\\\/ro\\\/#organization\"},\"alternateName\":\"Kraftanlagen\",\"potentialAction\":[{\"@type\":\"SearchAction\",\"target\":{\"@type\":\"EntryPoint\",\"urlTemplate\":\"https:\\\/\\\/www.kraftanlagen.com\\\/ro\\\/?s={search_term_string}\"},\"query-input\":{\"@type\":\"PropertyValueSpecification\",\"valueRequired\":true,\"valueName\":\"search_term_string\"}}],\"inLanguage\":\"ro-RO\"},{\"@type\":\"Organization\",\"@id\":\"https:\\\/\\\/www.kraftanlagen.com\\\/ro\\\/#organization\",\"name\":\"Kraftanlagen Energies & Services SE\",\"alternateName\":\"Kraftanlagen\",\"url\":\"https:\\\/\\\/www.kraftanlagen.com\\\/ro\\\/\",\"logo\":{\"@type\":\"ImageObject\",\"inLanguage\":\"ro-RO\",\"@id\":\"https:\\\/\\\/www.kraftanlagen.com\\\/ro\\\/#\\\/schema\\\/logo\\\/image\\\/\",\"url\":\"https:\\\/\\\/www.kraftanlagen.com\\\/wp-content\\\/uploads\\\/2022\\\/06\\\/Kraftanlagen-logo-color.svg\",\"contentUrl\":\"https:\\\/\\\/www.kraftanlagen.com\\\/wp-content\\\/uploads\\\/2022\\\/06\\\/Kraftanlagen-logo-color.svg\",\"width\":\"1024\",\"height\":\"1024\",\"caption\":\"Kraftanlagen Energies & Services SE\"},\"image\":{\"@id\":\"https:\\\/\\\/www.kraftanlagen.com\\\/ro\\\/#\\\/schema\\\/logo\\\/image\\\/\"},\"sameAs\":[\"https:\\\/\\\/www.linkedin.com\\\/company\\\/kraftanlagengruppe\",\"https:\\\/\\\/www.xing.com\\\/pages\\\/kraftanlagen-energies-services\",\"https:\\\/\\\/www.youtube.com\\\/user\\\/KAMMXK\"]},{\"@type\":\"Person\",\"@id\":\"https:\\\/\\\/www.kraftanlagen.com\\\/ro\\\/#\\\/schema\\\/person\\\/6b44eba998048a5f10d24518ffbf52e3\",\"name\":\"Emanuela Delnilo\",\"url\":\"https:\\\/\\\/www.kraftanlagen.com\\\/ro\\\/author\\\/emanuela-delnilom2bc-de\\\/\"}]}<\/script>\n<!-- \/ Yoast SEO plugin. -->","yoast_head_json":{"title":"Alfons Weber, nou membru \u00een conducerea Grupului Kraftanlagen - Kraftanlagen Energies &amp; Services SE","robots":{"index":"index","follow":"follow","max-snippet":"max-snippet:-1","max-image-preview":"max-image-preview:large","max-video-preview":"max-video-preview:-1"},"canonical":"https:\/\/www.kraftanlagen.com\/ro\/alfons-weber-nou-membru-in-conducerea-grupului-kraftanlagen\/","og_locale":"ro_RO","og_type":"article","og_title":"Alfons Weber, nou membru \u00een conducerea Grupului Kraftanlagen - Kraftanlagen Energies &amp; Services SE","og_description":"[vc_row type=&#8221;in_container&#8221; full_screen_row_position=&#8221;middle&#8221; column_margin=&#8221;default&#8221; column_direction=&#8221;default&#8221; column_direction_tablet=&#8221;default&#8221; column_direction_phone=&#8221;default&#8221; scene_position=&#8221;center&#8221; text_color=&#8221;dark&#8221; text_align=&#8221;left&#8221; row_border_radius=&#8221;none&#8221; row_border_radius_applies=&#8221;bg&#8221; overflow=&#8221;visible&#8221; overlay_strength=&#8221;0.3&#8243; gradient_direction=&#8221;left_to_right&#8221; shape_divider_position=&#8221;bottom&#8221; bg_image_animation=&#8221;none&#8221;][vc_column column_padding=&#8221;no-extra-padding&#8221; column_padding_tablet=&#8221;inherit&#8221; column_padding_phone=&#8221;inherit&#8221; column_padding_position=&#8221;all&#8221; column_element_spacing=&#8221;default&#8221; background_color_opacity=&#8221;1&#8243; background_hover_color_opacity=&#8221;1&#8243; column_shadow=&#8221;none&#8221; column_border_radius=&#8221;none&#8221; column_link_target=&#8221;_self&#8221; column_position=&#8221;default&#8221; gradient_direction=&#8221;left_to_right&#8221; overlay_strength=&#8221;0.3&#8243;...","og_url":"https:\/\/www.kraftanlagen.com\/ro\/alfons-weber-nou-membru-in-conducerea-grupului-kraftanlagen\/","og_site_name":"Kraftanlagen Energies &amp; Services SE","article_published_time":"2021-01-19T13:15:42+00:00","article_modified_time":"2023-03-28T20:41:54+00:00","og_image":[{"width":1366,"height":768,"url":"https:\/\/www.kraftanlagen.com\/wp-content\/uploads\/2021\/04\/alfons.webp","type":"image\/webp"}],"author":"Emanuela Delnilo","twitter_card":"summary_large_image","twitter_misc":{"Scris de":"Emanuela Delnilo","Timp estimat pentru citire":"6 minute"},"schema":{"@context":"https:\/\/schema.org","@graph":[{"@type":"Article","@id":"https:\/\/www.kraftanlagen.com\/ro\/alfons-weber-nou-membru-in-conducerea-grupului-kraftanlagen\/#article","isPartOf":{"@id":"https:\/\/www.kraftanlagen.com\/ro\/alfons-weber-nou-membru-in-conducerea-grupului-kraftanlagen\/"},"author":{"name":"Emanuela Delnilo","@id":"https:\/\/www.kraftanlagen.com\/ro\/#\/schema\/person\/6b44eba998048a5f10d24518ffbf52e3"},"headline":"Alfons Weber, nou membru \u00een conducerea Grupului Kraftanlagen","datePublished":"2021-01-19T13:15:42+00:00","dateModified":"2023-03-28T20:41:54+00:00","mainEntityOfPage":{"@id":"https:\/\/www.kraftanlagen.com\/ro\/alfons-weber-nou-membru-in-conducerea-grupului-kraftanlagen\/"},"wordCount":1221,"publisher":{"@id":"https:\/\/www.kraftanlagen.com\/ro\/#organization"},"image":{"@id":"https:\/\/www.kraftanlagen.com\/ro\/alfons-weber-nou-membru-in-conducerea-grupului-kraftanlagen\/#primaryimage"},"thumbnailUrl":"https:\/\/www.kraftanlagen.com\/wp-content\/uploads\/2021\/04\/alfons.webp","articleSection":["Comunicate de pres\u0103"],"inLanguage":"ro-RO"},{"@type":"WebPage","@id":"https:\/\/www.kraftanlagen.com\/ro\/alfons-weber-nou-membru-in-conducerea-grupului-kraftanlagen\/","url":"https:\/\/www.kraftanlagen.com\/ro\/alfons-weber-nou-membru-in-conducerea-grupului-kraftanlagen\/","name":"Alfons Weber, nou membru \u00een conducerea Grupului Kraftanlagen - Kraftanlagen Energies &amp; Services SE","isPartOf":{"@id":"https:\/\/www.kraftanlagen.com\/ro\/#website"},"primaryImageOfPage":{"@id":"https:\/\/www.kraftanlagen.com\/ro\/alfons-weber-nou-membru-in-conducerea-grupului-kraftanlagen\/#primaryimage"},"image":{"@id":"https:\/\/www.kraftanlagen.com\/ro\/alfons-weber-nou-membru-in-conducerea-grupului-kraftanlagen\/#primaryimage"},"thumbnailUrl":"https:\/\/www.kraftanlagen.com\/wp-content\/uploads\/2021\/04\/alfons.webp","datePublished":"2021-01-19T13:15:42+00:00","dateModified":"2023-03-28T20:41:54+00:00","breadcrumb":{"@id":"https:\/\/www.kraftanlagen.com\/ro\/alfons-weber-nou-membru-in-conducerea-grupului-kraftanlagen\/#breadcrumb"},"inLanguage":"ro-RO","potentialAction":[{"@type":"ReadAction","target":["https:\/\/www.kraftanlagen.com\/ro\/alfons-weber-nou-membru-in-conducerea-grupului-kraftanlagen\/"]}]},{"@type":"ImageObject","inLanguage":"ro-RO","@id":"https:\/\/www.kraftanlagen.com\/ro\/alfons-weber-nou-membru-in-conducerea-grupului-kraftanlagen\/#primaryimage","url":"https:\/\/www.kraftanlagen.com\/wp-content\/uploads\/2021\/04\/alfons.webp","contentUrl":"https:\/\/www.kraftanlagen.com\/wp-content\/uploads\/2021\/04\/alfons.webp","width":1366,"height":768},{"@type":"BreadcrumbList","@id":"https:\/\/www.kraftanlagen.com\/ro\/alfons-weber-nou-membru-in-conducerea-grupului-kraftanlagen\/#breadcrumb","itemListElement":[{"@type":"ListItem","position":1,"name":"Home","item":"https:\/\/www.kraftanlagen.com\/ro\/"},{"@type":"ListItem","position":2,"name":"Alfons Weber, nou membru \u00een conducerea Grupului Kraftanlagen"}]},{"@type":"WebSite","@id":"https:\/\/www.kraftanlagen.com\/ro\/#website","url":"https:\/\/www.kraftanlagen.com\/ro\/","name":"Kraftanlagen Energies & Services GmbH","description":"Speciali\u0219tii dumneavoastr\u0103 \u00een domeniul Decarbonizare","publisher":{"@id":"https:\/\/www.kraftanlagen.com\/ro\/#organization"},"alternateName":"Kraftanlagen","potentialAction":[{"@type":"SearchAction","target":{"@type":"EntryPoint","urlTemplate":"https:\/\/www.kraftanlagen.com\/ro\/?s={search_term_string}"},"query-input":{"@type":"PropertyValueSpecification","valueRequired":true,"valueName":"search_term_string"}}],"inLanguage":"ro-RO"},{"@type":"Organization","@id":"https:\/\/www.kraftanlagen.com\/ro\/#organization","name":"Kraftanlagen Energies & Services SE","alternateName":"Kraftanlagen","url":"https:\/\/www.kraftanlagen.com\/ro\/","logo":{"@type":"ImageObject","inLanguage":"ro-RO","@id":"https:\/\/www.kraftanlagen.com\/ro\/#\/schema\/logo\/image\/","url":"https:\/\/www.kraftanlagen.com\/wp-content\/uploads\/2022\/06\/Kraftanlagen-logo-color.svg","contentUrl":"https:\/\/www.kraftanlagen.com\/wp-content\/uploads\/2022\/06\/Kraftanlagen-logo-color.svg","width":"1024","height":"1024","caption":"Kraftanlagen Energies & Services SE"},"image":{"@id":"https:\/\/www.kraftanlagen.com\/ro\/#\/schema\/logo\/image\/"},"sameAs":["https:\/\/www.linkedin.com\/company\/kraftanlagengruppe","https:\/\/www.xing.com\/pages\/kraftanlagen-energies-services","https:\/\/www.youtube.com\/user\/KAMMXK"]},{"@type":"Person","@id":"https:\/\/www.kraftanlagen.com\/ro\/#\/schema\/person\/6b44eba998048a5f10d24518ffbf52e3","name":"Emanuela Delnilo","url":"https:\/\/www.kraftanlagen.com\/ro\/author\/emanuela-delnilom2bc-de\/"}]}},"acf":[],"_links":{"self":[{"href":"https:\/\/www.kraftanlagen.com\/ro\/wp-json\/wp\/v2\/posts\/9413","targetHints":{"allow":["GET"]}}],"collection":[{"href":"https:\/\/www.kraftanlagen.com\/ro\/wp-json\/wp\/v2\/posts"}],"about":[{"href":"https:\/\/www.kraftanlagen.com\/ro\/wp-json\/wp\/v2\/types\/post"}],"author":[{"embeddable":true,"href":"https:\/\/www.kraftanlagen.com\/ro\/wp-json\/wp\/v2\/users\/17"}],"replies":[{"embeddable":true,"href":"https:\/\/www.kraftanlagen.com\/ro\/wp-json\/wp\/v2\/comments?post=9413"}],"version-history":[{"count":2,"href":"https:\/\/www.kraftanlagen.com\/ro\/wp-json\/wp\/v2\/posts\/9413\/revisions"}],"predecessor-version":[{"id":9415,"href":"https:\/\/www.kraftanlagen.com\/ro\/wp-json\/wp\/v2\/posts\/9413\/revisions\/9415"}],"wp:featuredmedia":[{"embeddable":true,"href":"https:\/\/www.kraftanlagen.com\/ro\/wp-json\/wp\/v2\/media\/8899"}],"wp:attachment":[{"href":"https:\/\/www.kraftanlagen.com\/ro\/wp-json\/wp\/v2\/media?parent=9413"}],"wp:term":[{"taxonomy":"category","embeddable":true,"href":"https:\/\/www.kraftanlagen.com\/ro\/wp-json\/wp\/v2\/categories?post=9413"},{"taxonomy":"post_tag","embeddable":true,"href":"https:\/\/www.kraftanlagen.com\/ro\/wp-json\/wp\/v2\/tags?post=9413"}],"curies":[{"name":"wp","href":"https:\/\/api.w.org\/{rel}","templated":true}]}}