{"id":9081,"date":"2022-02-21T18:07:38","date_gmt":"2022-02-21T16:07:38","guid":{"rendered":"https:\/\/alt.kraftanlagen.com\/\/facem-o-centrala-termoelectrica-in-cogenerare-mai-eficienta-si-mai-flexibila\/"},"modified":"2023-03-30T17:59:48","modified_gmt":"2023-03-30T15:59:48","slug":"facem-o-centrala-termoelectrica-in-cogenerare-mai-eficienta-si-mai-flexibila","status":"publish","type":"post","link":"https:\/\/www.kraftanlagen.com\/ro\/facem-o-centrala-termoelectrica-in-cogenerare-mai-eficienta-si-mai-flexibila\/","title":{"rendered":"Facem o central\u0103 termoelectric\u0103 \u00een cogenerare mai eficient\u0103 \u0219i mai flexibil\u0103"},"content":{"rendered":"[vc_row type=&#8221;in_container&#8221; full_screen_row_position=&#8221;middle&#8221; column_margin=&#8221;default&#8221; column_direction=&#8221;default&#8221; column_direction_tablet=&#8221;default&#8221; column_direction_phone=&#8221;default&#8221; scene_position=&#8221;center&#8221; text_color=&#8221;dark&#8221; text_align=&#8221;left&#8221; row_border_radius=&#8221;none&#8221; row_border_radius_applies=&#8221;bg&#8221; overflow=&#8221;visible&#8221; overlay_strength=&#8221;0.3&#8243; gradient_direction=&#8221;left_to_right&#8221; shape_divider_position=&#8221;bottom&#8221; bg_image_animation=&#8221;none&#8221;][vc_column column_padding=&#8221;no-extra-padding&#8221; column_padding_tablet=&#8221;inherit&#8221; column_padding_phone=&#8221;inherit&#8221; column_padding_position=&#8221;all&#8221; column_element_spacing=&#8221;default&#8221; background_color_opacity=&#8221;1&#8243; background_hover_color_opacity=&#8221;1&#8243; column_shadow=&#8221;none&#8221; column_border_radius=&#8221;none&#8221; column_link_target=&#8221;_self&#8221; column_position=&#8221;default&#8221; gradient_direction=&#8221;left_to_right&#8221; overlay_strength=&#8221;0.3&#8243; width=&#8221;1\/1&#8243; tablet_width_inherit=&#8221;default&#8221; tablet_text_alignment=&#8221;default&#8221; phone_text_alignment=&#8221;default&#8221; animation_type=&#8221;default&#8221; bg_image_animation=&#8221;none&#8221; border_type=&#8221;simple&#8221; column_border_width=&#8221;none&#8221; column_border_style=&#8221;solid&#8221;][vc_column_text]<span class=\"nectar-dropcap\" >S<\/span>ocietatea SWE Energie GmbH (Stadtwerke Erfurt) modernizeaz\u0103 instala\u021bia cu ciclu combinat GuD din cadrul centralei termoelectrice Erfurt-Est, \u00een vederea cre\u0219terii eficien\u021bei \u0219i a economisirii de combustibil. Proiectul alc\u0103tuit din 11 loturi cuprinde, printre altele, \u0219i \u00eenlocuirea a dou\u0103 turbine pe gaz \u0219i construirea unei noi turbine pe abur (aprox. 11 MWel).<\/p>\n<p>\u00cen octombrie 2019, SWE a atribuit c\u0103tre Kraftanlagen contractul pentru lotul 10 \u2013 Proiectarea, livrarea, montajul, punerea \u00een func\u021biune \u0219i testarea unei instala\u021bii de stocare a c\u0103ldurii cu o capacitate de 250 MWh (volum nominal ca. 7.300 m\u00b3) inclusiv. tehnica proceselor \u0219i tehnica EMSR, sala pompelor \u0219i dou\u0103 rezervoare CWA (1.000 m\u00b3 \u0219i 500 m\u00b3). Doi ani mai t\u00e2rziu, instala\u021bia este deja predat\u0103 gata de operare.[\/vc_column_text][\/vc_column][\/vc_row][vc_row type=&#8221;in_container&#8221; full_screen_row_position=&#8221;middle&#8221; column_margin=&#8221;default&#8221; column_direction=&#8221;default&#8221; column_direction_tablet=&#8221;default&#8221; column_direction_phone=&#8221;default&#8221; scene_position=&#8221;center&#8221; text_color=&#8221;dark&#8221; text_align=&#8221;left&#8221; row_border_radius=&#8221;none&#8221; row_border_radius_applies=&#8221;bg&#8221; overflow=&#8221;visible&#8221; overlay_strength=&#8221;0.3&#8243; gradient_direction=&#8221;left_to_right&#8221; shape_divider_position=&#8221;bottom&#8221; bg_image_animation=&#8221;none&#8221;][vc_column column_padding=&#8221;no-extra-padding&#8221; column_padding_tablet=&#8221;inherit&#8221; column_padding_phone=&#8221;inherit&#8221; column_padding_position=&#8221;all&#8221; column_element_spacing=&#8221;default&#8221; background_color_opacity=&#8221;1&#8243; background_hover_color_opacity=&#8221;1&#8243; column_shadow=&#8221;none&#8221; column_border_radius=&#8221;none&#8221; column_link_target=&#8221;_self&#8221; column_position=&#8221;default&#8221; gradient_direction=&#8221;left_to_right&#8221; overlay_strength=&#8221;0.3&#8243; width=&#8221;1\/1&#8243; tablet_width_inherit=&#8221;default&#8221; tablet_text_alignment=&#8221;default&#8221; phone_text_alignment=&#8221;default&#8221; animation_type=&#8221;default&#8221; bg_image_animation=&#8221;none&#8221; border_type=&#8221;simple&#8221; column_border_width=&#8221;none&#8221; column_border_style=&#8221;solid&#8221;][image_with_animation image_url=&#8221;8249&#8243; image_size=&#8221;full&#8221; animation_type=&#8221;entrance&#8221; animation=&#8221;None&#8221; hover_animation=&#8221;none&#8221; alignment=&#8221;center&#8221; border_radius=&#8221;20px&#8221; box_shadow=&#8221;none&#8221; image_loading=&#8221;default&#8221; max_width=&#8221;100%&#8221; max_width_mobile=&#8221;default&#8221;][vc_custom_heading text=&#8221;Acumulatorul de c\u0103ldur\u0103 din o\u021bel are un diametru de 21 m \u0219i o \u00een\u0103l\u021bime a cilindrului de 22 m. Acesta are un volum util de 7000 m\u00b3 \u0219i este proiectat pentru func\u021bionare f\u0103r\u0103 presiune. (Imagine: Neumann\/SWE).&#8221; font_container=&#8221;tag:p|font_size:14|text_align:left|line_height:1.2&#8243; use_theme_fonts=&#8221;yes&#8221;][\/vc_column][\/vc_row][vc_row type=&#8221;in_container&#8221; full_screen_row_position=&#8221;middle&#8221; column_margin=&#8221;default&#8221; column_direction=&#8221;default&#8221; column_direction_tablet=&#8221;default&#8221; column_direction_phone=&#8221;default&#8221; scene_position=&#8221;center&#8221; text_color=&#8221;dark&#8221; text_align=&#8221;left&#8221; row_border_radius=&#8221;none&#8221; row_border_radius_applies=&#8221;bg&#8221; overflow=&#8221;visible&#8221; overlay_strength=&#8221;0.3&#8243; gradient_direction=&#8221;left_to_right&#8221; shape_divider_position=&#8221;bottom&#8221; bg_image_animation=&#8221;none&#8221;][vc_column column_padding=&#8221;no-extra-padding&#8221; column_padding_tablet=&#8221;inherit&#8221; column_padding_phone=&#8221;inherit&#8221; column_padding_position=&#8221;all&#8221; column_element_spacing=&#8221;default&#8221; background_color_opacity=&#8221;1&#8243; background_hover_color_opacity=&#8221;1&#8243; column_shadow=&#8221;none&#8221; column_border_radius=&#8221;none&#8221; column_link_target=&#8221;_self&#8221; column_position=&#8221;default&#8221; gradient_direction=&#8221;left_to_right&#8221; overlay_strength=&#8221;0.3&#8243; width=&#8221;1\/1&#8243; tablet_width_inherit=&#8221;default&#8221; tablet_text_alignment=&#8221;default&#8221; phone_text_alignment=&#8221;default&#8221; animation_type=&#8221;default&#8221; bg_image_animation=&#8221;none&#8221; border_type=&#8221;simple&#8221; column_border_width=&#8221;none&#8221; column_border_style=&#8221;solid&#8221;][vc_column_text css=&#8221;.vc_custom_1679904852314{margin-bottom: 20px !important;}&#8221;]Rezervorul este umplut cu ap\u0103 \u0219i este integrat \u00een re\u021beaua de termoficare a SWE. El \u00eendepline\u0219te sarcina de stocare a c\u0103ldurii \u00een exces rezultat\u0103 din procesul de cogenerare a centralelor generatoare \u0219i de disponibilizare a acesteia \u00een func\u021bie de necesit\u0103\u021bi. Prin acest proces, centralele electrice ale SWE devin mult mai flexibile \u0219i mai ecologice.[\/vc_column_text][\/vc_column][\/vc_row][vc_row type=&#8221;in_container&#8221; full_screen_row_position=&#8221;middle&#8221; column_margin=&#8221;default&#8221; column_direction=&#8221;default&#8221; column_direction_tablet=&#8221;default&#8221; column_direction_phone=&#8221;default&#8221; scene_position=&#8221;center&#8221; text_color=&#8221;dark&#8221; text_align=&#8221;left&#8221; row_border_radius=&#8221;none&#8221; row_border_radius_applies=&#8221;bg&#8221; overflow=&#8221;visible&#8221; overlay_strength=&#8221;0.3&#8243; gradient_direction=&#8221;left_to_right&#8221; shape_divider_position=&#8221;bottom&#8221; bg_image_animation=&#8221;none&#8221;][vc_column column_padding=&#8221;no-extra-padding&#8221; column_padding_tablet=&#8221;inherit&#8221; column_padding_phone=&#8221;inherit&#8221; column_padding_position=&#8221;all&#8221; column_element_spacing=&#8221;default&#8221; background_color_opacity=&#8221;1&#8243; background_hover_color_opacity=&#8221;1&#8243; column_shadow=&#8221;none&#8221; column_border_radius=&#8221;none&#8221; column_link_target=&#8221;_self&#8221; column_position=&#8221;default&#8221; gradient_direction=&#8221;left_to_right&#8221; overlay_strength=&#8221;0.3&#8243; width=&#8221;1\/1&#8243; tablet_width_inherit=&#8221;default&#8221; tablet_text_alignment=&#8221;default&#8221; phone_text_alignment=&#8221;default&#8221; animation_type=&#8221;default&#8221; bg_image_animation=&#8221;none&#8221; border_type=&#8221;simple&#8221; column_border_width=&#8221;none&#8221; column_border_style=&#8221;solid&#8221;][image_with_animation image_url=&#8221;8251&#8243; image_size=&#8221;full&#8221; animation_type=&#8221;entrance&#8221; animation=&#8221;None&#8221; hover_animation=&#8221;none&#8221; alignment=&#8221;center&#8221; border_radius=&#8221;20px&#8221; box_shadow=&#8221;none&#8221; image_loading=&#8221;default&#8221; max_width=&#8221;100%&#8221; max_width_mobile=&#8221;default&#8221;][vc_custom_heading text=&#8221;Directorul centralei electrice Marco T\u00fcrke \u00eentr-un tur al uzinei. (Imagine: SWE).&#8221; font_container=&#8221;tag:p|font_size:14|text_align:left|line_height:1.2&#8243; use_theme_fonts=&#8221;yes&#8221;][\/vc_column][\/vc_row][vc_row type=&#8221;in_container&#8221; full_screen_row_position=&#8221;middle&#8221; column_margin=&#8221;default&#8221; column_direction=&#8221;default&#8221; column_direction_tablet=&#8221;default&#8221; column_direction_phone=&#8221;default&#8221; scene_position=&#8221;center&#8221; text_color=&#8221;dark&#8221; text_align=&#8221;left&#8221; row_border_radius=&#8221;none&#8221; row_border_radius_applies=&#8221;bg&#8221; overflow=&#8221;visible&#8221; overlay_strength=&#8221;0.3&#8243; gradient_direction=&#8221;left_to_right&#8221; shape_divider_position=&#8221;bottom&#8221; bg_image_animation=&#8221;none&#8221;][vc_column column_padding=&#8221;padding-3-percent&#8221; column_padding_tablet=&#8221;inherit&#8221; column_padding_phone=&#8221;inherit&#8221; column_padding_position=&#8221;all&#8221; column_element_spacing=&#8221;default&#8221; background_color=&#8221;#f7f7f7&#8243; background_color_opacity=&#8221;1&#8243; background_hover_color_opacity=&#8221;1&#8243; column_shadow=&#8221;none&#8221; column_border_radius=&#8221;20px&#8221; column_link_target=&#8221;_self&#8221; column_position=&#8221;default&#8221; advanced_gradient_angle=&#8221;0&#8243; gradient_direction=&#8221;left_to_right&#8221; overlay_strength=&#8221;0.3&#8243; width=&#8221;1\/1&#8243; tablet_width_inherit=&#8221;default&#8221; tablet_text_alignment=&#8221;default&#8221; phone_text_alignment=&#8221;default&#8221; animation_type=&#8221;default&#8221; bg_image_animation=&#8221;none&#8221; border_type=&#8221;simple&#8221; column_border_width=&#8221;none&#8221; gradient_type=&#8221;default&#8221;][nectar_single_testimonial testimonial_style=&#8221;small_modern&#8221; image=&#8221;8252&#8243; color=&#8221;Accent-Color&#8221; quote=&#8221;Kraftanlagen este un partener fiabil pentru proiecte \u00een sectorul energetic. Un punct forte al Kraftanlagen este managementul proiectelor. Asigur\u00e2nd astfel o execu\u021bie rapid\u0103, sigur\u0103 \u0219i de \u00eenalt\u0103 calitate, a instala\u021biilor comandate. Mul\u021bumim Kraftanlagen, oric\u00e2nd cu pl\u0103cere \u0219i \u00een viitor.&#8221; name=&#8221;Marco T\u00fcrke&#8221; subtitle=&#8221;\u0218eful centralei termoelectrice, SWE Energie GmbH, Stadtwerke Erfurt&#8221;][\/vc_column][\/vc_row][vc_row type=&#8221;in_container&#8221; full_screen_row_position=&#8221;middle&#8221; column_margin=&#8221;default&#8221; column_direction=&#8221;default&#8221; column_direction_tablet=&#8221;default&#8221; column_direction_phone=&#8221;default&#8221; scene_position=&#8221;center&#8221; text_color=&#8221;dark&#8221; text_align=&#8221;left&#8221; row_border_radius=&#8221;none&#8221; row_border_radius_applies=&#8221;bg&#8221; overflow=&#8221;visible&#8221; overlay_strength=&#8221;0.3&#8243; gradient_direction=&#8221;left_to_right&#8221; shape_divider_position=&#8221;bottom&#8221; bg_image_animation=&#8221;none&#8221;][vc_column column_padding=&#8221;no-extra-padding&#8221; column_padding_tablet=&#8221;inherit&#8221; column_padding_phone=&#8221;inherit&#8221; column_padding_position=&#8221;all&#8221; column_element_spacing=&#8221;default&#8221; background_color_opacity=&#8221;1&#8243; background_hover_color_opacity=&#8221;1&#8243; column_shadow=&#8221;none&#8221; column_border_radius=&#8221;none&#8221; column_link_target=&#8221;_self&#8221; column_position=&#8221;default&#8221; gradient_direction=&#8221;left_to_right&#8221; overlay_strength=&#8221;0.3&#8243; width=&#8221;1\/1&#8243; tablet_width_inherit=&#8221;default&#8221; tablet_text_alignment=&#8221;default&#8221; phone_text_alignment=&#8221;default&#8221; animation_type=&#8221;default&#8221; bg_image_animation=&#8221;none&#8221; border_type=&#8221;simple&#8221; column_border_width=&#8221;none&#8221; column_border_style=&#8221;solid&#8221;][image_with_animation image_url=&#8221;8253&#8243; image_size=&#8221;full&#8221; animation_type=&#8221;entrance&#8221; animation=&#8221;None&#8221; hover_animation=&#8221;none&#8221; alignment=&#8221;center&#8221; border_radius=&#8221;20px&#8221; box_shadow=&#8221;none&#8221; image_loading=&#8221;default&#8221; max_width=&#8221;100%&#8221; max_width_mobile=&#8221;default&#8221;][vc_custom_heading text=&#8221;Gama de presta\u021bii Kraftanlagen Energies &amp; Services pe scurt: acumulatorul de c\u0103ldur\u0103, sala pompelor \u0219i podul de conducte. (Imagine: Bauerschmidt\/SWE).&#8221; font_container=&#8221;tag:p|font_size:14|text_align:left|line_height:1.2&#8243; use_theme_fonts=&#8221;yes&#8221;][\/vc_column][\/vc_row][vc_row type=&#8221;in_container&#8221; full_screen_row_position=&#8221;middle&#8221; column_margin=&#8221;default&#8221; column_direction=&#8221;default&#8221; column_direction_tablet=&#8221;default&#8221; column_direction_phone=&#8221;default&#8221; scene_position=&#8221;center&#8221; text_color=&#8221;dark&#8221; text_align=&#8221;left&#8221; row_border_radius=&#8221;none&#8221; row_border_radius_applies=&#8221;bg&#8221; overflow=&#8221;visible&#8221; overlay_strength=&#8221;0.3&#8243; gradient_direction=&#8221;left_to_right&#8221; shape_divider_position=&#8221;bottom&#8221; bg_image_animation=&#8221;none&#8221;][vc_column column_padding=&#8221;padding-5-percent&#8221; column_padding_tablet=&#8221;inherit&#8221; column_padding_phone=&#8221;inherit&#8221; column_padding_position=&#8221;all&#8221; column_element_spacing=&#8221;default&#8221; background_color=&#8221;#0093bb&#8221; background_color_opacity=&#8221;1&#8243; background_hover_color_opacity=&#8221;1&#8243; font_color=&#8221;#ffffff&#8221; column_shadow=&#8221;none&#8221; column_border_radius=&#8221;20px&#8221; column_link_target=&#8221;_self&#8221; column_position=&#8221;default&#8221; advanced_gradient_angle=&#8221;0&#8243; gradient_direction=&#8221;left_to_right&#8221; overlay_strength=&#8221;0.3&#8243; width=&#8221;1\/1&#8243; tablet_width_inherit=&#8221;default&#8221; tablet_text_alignment=&#8221;default&#8221; phone_text_alignment=&#8221;default&#8221; animation_type=&#8221;default&#8221; bg_image_animation=&#8221;none&#8221; border_type=&#8221;simple&#8221; column_border_width=&#8221;none&#8221; gradient_type=&#8221;default&#8221;][vc_column_text css=&#8221;.vc_custom_1679905271154{margin-bottom: 20px !important;}&#8221;]\n<h4>\u00cen trecut, Kraftanlagen a mai realizat cu succes pentru SWE E urm\u0103toarele proiecte:<\/h4>\n[\/vc_column_text]<div class=\"nectar-fancy-ul\" data-list-icon=\"icon-salient-thin-line\" data-animation=\"false\" data-animation-delay=\"0\" data-color=\"extra-color-3\" data-spacing=\"default\" data-alignment=\"left\"> \n<ul>\n<li><span style=\"color: #ffffff;\">Acumulator de c\u0103ldur\u0103 (7.400 m\u00b3) incl. funda\u021bia \u0219i tehnologia opera\u021biilor, loca\u021bia Erfurt Iderhoffstra\u00dfe, 02\/2013 \u2013 02\/2014<\/span><\/li>\n<li><span style=\"color: #ffffff;\">Construirea unei noi instala\u021bii de cazane recuperatoare de c\u0103ldur\u0103 rezidual\u0103 la instala\u021bia energetic\u0103 combinat\u0103 cu turbin\u0103 cu gaz linia 3, loca\u021bia instala\u021biei energetice combinat\u0103 cu turbin\u0103 cu gaz Erfurt-Est, 09\/2012 \u2013 12\/2013<\/span><\/li>\n<li><span style=\"color: #ffffff;\">Turbin\u0103 cu abur \u0219i instala\u021bie cu ciclu combinat ap\u0103-abur (WDK) incl. echipamente auxiliare (instala\u021bie p\u0103cur\u0103 \u0219i rezervor p\u0103cur\u0103), inclusiv construc\u021bie nou\u0103 \u0219i modernizare sta\u021bie distribu\u021bie energie termic\u0103, la instala\u021bia energetic\u0103 combinat\u0103 cu turbin\u0103 cu gaz Erfurt-Est, 1998 \u2013 1999<\/span><\/li>\n<\/ul>\n <\/div>[\/vc_column][\/vc_row]\n","protected":false},"excerpt":{"rendered":"<p>[vc_row type=&#8221;in_container&#8221; full_screen_row_position=&#8221;middle&#8221; column_margin=&#8221;default&#8221; column_direction=&#8221;default&#8221; column_direction_tablet=&#8221;default&#8221; column_direction_phone=&#8221;default&#8221; scene_position=&#8221;center&#8221; text_color=&#8221;dark&#8221; text_align=&#8221;left&#8221; row_border_radius=&#8221;none&#8221; row_border_radius_applies=&#8221;bg&#8221; overflow=&#8221;visible&#8221; overlay_strength=&#8221;0.3&#8243; gradient_direction=&#8221;left_to_right&#8221; shape_divider_position=&#8221;bottom&#8221; bg_image_animation=&#8221;none&#8221;][vc_column column_padding=&#8221;no-extra-padding&#8221; column_padding_tablet=&#8221;inherit&#8221; column_padding_phone=&#8221;inherit&#8221; column_padding_position=&#8221;all&#8221; column_element_spacing=&#8221;default&#8221; background_color_opacity=&#8221;1&#8243; background_hover_color_opacity=&#8221;1&#8243; column_shadow=&#8221;none&#8221; column_border_radius=&#8221;none&#8221; column_link_target=&#8221;_self&#8221; column_position=&#8221;default&#8221; gradient_direction=&#8221;left_to_right&#8221; overlay_strength=&#8221;0.3&#8243;&#8230;<\/p>\n","protected":false},"author":17,"featured_media":8869,"comment_status":"closed","ping_status":"open","sticky":false,"template":"","format":"standard","meta":{"_acf_changed":false,"inline_featured_image":false,"footnotes":""},"categories":[97,91],"tags":[],"class_list":{"0":"post-9081","1":"post","2":"type-post","3":"status-publish","4":"format-standard","5":"has-post-thumbnail","7":"category-inovatii","8":"category-studiu-de-caz"},"yoast_head":"<!-- This site is optimized with the Yoast SEO plugin v27.5 - https:\/\/yoast.com\/product\/yoast-seo-wordpress\/ -->\n<title>Facem o central\u0103 termoelectric\u0103 \u00een cogenerare mai eficient\u0103 \u0219i mai flexibil\u0103 - Kraftanlagen Energies &amp; Services SE<\/title>\n<meta name=\"robots\" content=\"index, follow, max-snippet:-1, max-image-preview:large, max-video-preview:-1\" \/>\n<link rel=\"canonical\" href=\"https:\/\/www.kraftanlagen.com\/ro\/facem-o-centrala-termoelectrica-in-cogenerare-mai-eficienta-si-mai-flexibila\/\" \/>\n<meta property=\"og:locale\" content=\"ro_RO\" \/>\n<meta property=\"og:type\" content=\"article\" \/>\n<meta property=\"og:title\" content=\"Facem o central\u0103 termoelectric\u0103 \u00een cogenerare mai eficient\u0103 \u0219i mai flexibil\u0103 - Kraftanlagen Energies &amp; Services SE\" \/>\n<meta property=\"og:description\" content=\"[vc_row type=&#8221;in_container&#8221; full_screen_row_position=&#8221;middle&#8221; column_margin=&#8221;default&#8221; column_direction=&#8221;default&#8221; column_direction_tablet=&#8221;default&#8221; column_direction_phone=&#8221;default&#8221; scene_position=&#8221;center&#8221; text_color=&#8221;dark&#8221; text_align=&#8221;left&#8221; row_border_radius=&#8221;none&#8221; row_border_radius_applies=&#8221;bg&#8221; overflow=&#8221;visible&#8221; overlay_strength=&#8221;0.3&#8243; gradient_direction=&#8221;left_to_right&#8221; shape_divider_position=&#8221;bottom&#8221; bg_image_animation=&#8221;none&#8221;][vc_column column_padding=&#8221;no-extra-padding&#8221; column_padding_tablet=&#8221;inherit&#8221; column_padding_phone=&#8221;inherit&#8221; column_padding_position=&#8221;all&#8221; column_element_spacing=&#8221;default&#8221; background_color_opacity=&#8221;1&#8243; background_hover_color_opacity=&#8221;1&#8243; column_shadow=&#8221;none&#8221; column_border_radius=&#8221;none&#8221; column_link_target=&#8221;_self&#8221; column_position=&#8221;default&#8221; gradient_direction=&#8221;left_to_right&#8221; overlay_strength=&#8221;0.3&#8243;...\" \/>\n<meta property=\"og:url\" content=\"https:\/\/www.kraftanlagen.com\/ro\/facem-o-centrala-termoelectrica-in-cogenerare-mai-eficienta-si-mai-flexibila\/\" \/>\n<meta property=\"og:site_name\" content=\"Kraftanlagen Energies &amp; Services SE\" \/>\n<meta property=\"article:published_time\" content=\"2022-02-21T16:07:38+00:00\" \/>\n<meta property=\"article:modified_time\" content=\"2023-03-30T15:59:48+00:00\" \/>\n<meta property=\"og:image\" content=\"https:\/\/www.kraftanlagen.com\/wp-content\/uploads\/2022\/02\/waermespeicher_2022_steve-bauerschmidt.webp\" \/>\n\t<meta property=\"og:image:width\" content=\"1024\" \/>\n\t<meta property=\"og:image:height\" content=\"510\" \/>\n\t<meta property=\"og:image:type\" content=\"image\/webp\" \/>\n<meta name=\"author\" content=\"Emanuela Delnilo\" \/>\n<meta name=\"twitter:card\" content=\"summary_large_image\" \/>\n<meta name=\"twitter:label1\" content=\"Scris de\" \/>\n\t<meta name=\"twitter:data1\" content=\"Emanuela Delnilo\" \/>\n\t<meta name=\"twitter:label2\" content=\"Timp estimat pentru citire\" \/>\n\t<meta name=\"twitter:data2\" content=\"8 minute\" \/>\n<script type=\"application\/ld+json\" class=\"yoast-schema-graph\">{\"@context\":\"https:\\\/\\\/schema.org\",\"@graph\":[{\"@type\":\"Article\",\"@id\":\"https:\\\/\\\/www.kraftanlagen.com\\\/ro\\\/facem-o-centrala-termoelectrica-in-cogenerare-mai-eficienta-si-mai-flexibila\\\/#article\",\"isPartOf\":{\"@id\":\"https:\\\/\\\/www.kraftanlagen.com\\\/ro\\\/facem-o-centrala-termoelectrica-in-cogenerare-mai-eficienta-si-mai-flexibila\\\/\"},\"author\":{\"name\":\"Emanuela Delnilo\",\"@id\":\"https:\\\/\\\/www.kraftanlagen.com\\\/ro\\\/#\\\/schema\\\/person\\\/6b44eba998048a5f10d24518ffbf52e3\"},\"headline\":\"Facem o central\u0103 termoelectric\u0103 \u00een cogenerare mai eficient\u0103 \u0219i mai flexibil\u0103\",\"datePublished\":\"2022-02-21T16:07:38+00:00\",\"dateModified\":\"2023-03-30T15:59:48+00:00\",\"mainEntityOfPage\":{\"@id\":\"https:\\\/\\\/www.kraftanlagen.com\\\/ro\\\/facem-o-centrala-termoelectrica-in-cogenerare-mai-eficienta-si-mai-flexibila\\\/\"},\"wordCount\":1663,\"publisher\":{\"@id\":\"https:\\\/\\\/www.kraftanlagen.com\\\/ro\\\/#organization\"},\"image\":{\"@id\":\"https:\\\/\\\/www.kraftanlagen.com\\\/ro\\\/facem-o-centrala-termoelectrica-in-cogenerare-mai-eficienta-si-mai-flexibila\\\/#primaryimage\"},\"thumbnailUrl\":\"https:\\\/\\\/www.kraftanlagen.com\\\/wp-content\\\/uploads\\\/2022\\\/02\\\/waermespeicher_2022_steve-bauerschmidt.webp\",\"articleSection\":[\"Inova\u021bii\",\"Studiu de caz\"],\"inLanguage\":\"ro-RO\"},{\"@type\":\"WebPage\",\"@id\":\"https:\\\/\\\/www.kraftanlagen.com\\\/ro\\\/facem-o-centrala-termoelectrica-in-cogenerare-mai-eficienta-si-mai-flexibila\\\/\",\"url\":\"https:\\\/\\\/www.kraftanlagen.com\\\/ro\\\/facem-o-centrala-termoelectrica-in-cogenerare-mai-eficienta-si-mai-flexibila\\\/\",\"name\":\"Facem o central\u0103 termoelectric\u0103 \u00een cogenerare mai eficient\u0103 \u0219i mai flexibil\u0103 - Kraftanlagen Energies &amp; Services SE\",\"isPartOf\":{\"@id\":\"https:\\\/\\\/www.kraftanlagen.com\\\/ro\\\/#website\"},\"primaryImageOfPage\":{\"@id\":\"https:\\\/\\\/www.kraftanlagen.com\\\/ro\\\/facem-o-centrala-termoelectrica-in-cogenerare-mai-eficienta-si-mai-flexibila\\\/#primaryimage\"},\"image\":{\"@id\":\"https:\\\/\\\/www.kraftanlagen.com\\\/ro\\\/facem-o-centrala-termoelectrica-in-cogenerare-mai-eficienta-si-mai-flexibila\\\/#primaryimage\"},\"thumbnailUrl\":\"https:\\\/\\\/www.kraftanlagen.com\\\/wp-content\\\/uploads\\\/2022\\\/02\\\/waermespeicher_2022_steve-bauerschmidt.webp\",\"datePublished\":\"2022-02-21T16:07:38+00:00\",\"dateModified\":\"2023-03-30T15:59:48+00:00\",\"breadcrumb\":{\"@id\":\"https:\\\/\\\/www.kraftanlagen.com\\\/ro\\\/facem-o-centrala-termoelectrica-in-cogenerare-mai-eficienta-si-mai-flexibila\\\/#breadcrumb\"},\"inLanguage\":\"ro-RO\",\"potentialAction\":[{\"@type\":\"ReadAction\",\"target\":[\"https:\\\/\\\/www.kraftanlagen.com\\\/ro\\\/facem-o-centrala-termoelectrica-in-cogenerare-mai-eficienta-si-mai-flexibila\\\/\"]}]},{\"@type\":\"ImageObject\",\"inLanguage\":\"ro-RO\",\"@id\":\"https:\\\/\\\/www.kraftanlagen.com\\\/ro\\\/facem-o-centrala-termoelectrica-in-cogenerare-mai-eficienta-si-mai-flexibila\\\/#primaryimage\",\"url\":\"https:\\\/\\\/www.kraftanlagen.com\\\/wp-content\\\/uploads\\\/2022\\\/02\\\/waermespeicher_2022_steve-bauerschmidt.webp\",\"contentUrl\":\"https:\\\/\\\/www.kraftanlagen.com\\\/wp-content\\\/uploads\\\/2022\\\/02\\\/waermespeicher_2022_steve-bauerschmidt.webp\",\"width\":1024,\"height\":510},{\"@type\":\"BreadcrumbList\",\"@id\":\"https:\\\/\\\/www.kraftanlagen.com\\\/ro\\\/facem-o-centrala-termoelectrica-in-cogenerare-mai-eficienta-si-mai-flexibila\\\/#breadcrumb\",\"itemListElement\":[{\"@type\":\"ListItem\",\"position\":1,\"name\":\"Home\",\"item\":\"https:\\\/\\\/www.kraftanlagen.com\\\/ro\\\/\"},{\"@type\":\"ListItem\",\"position\":2,\"name\":\"Facem o central\u0103 termoelectric\u0103 \u00een cogenerare mai eficient\u0103 \u0219i mai flexibil\u0103\"}]},{\"@type\":\"WebSite\",\"@id\":\"https:\\\/\\\/www.kraftanlagen.com\\\/ro\\\/#website\",\"url\":\"https:\\\/\\\/www.kraftanlagen.com\\\/ro\\\/\",\"name\":\"Kraftanlagen Energies & Services GmbH\",\"description\":\"Speciali\u0219tii dumneavoastr\u0103 \u00een domeniul Decarbonizare\",\"publisher\":{\"@id\":\"https:\\\/\\\/www.kraftanlagen.com\\\/ro\\\/#organization\"},\"alternateName\":\"Kraftanlagen\",\"potentialAction\":[{\"@type\":\"SearchAction\",\"target\":{\"@type\":\"EntryPoint\",\"urlTemplate\":\"https:\\\/\\\/www.kraftanlagen.com\\\/ro\\\/?s={search_term_string}\"},\"query-input\":{\"@type\":\"PropertyValueSpecification\",\"valueRequired\":true,\"valueName\":\"search_term_string\"}}],\"inLanguage\":\"ro-RO\"},{\"@type\":\"Organization\",\"@id\":\"https:\\\/\\\/www.kraftanlagen.com\\\/ro\\\/#organization\",\"name\":\"Kraftanlagen Energies & Services SE\",\"alternateName\":\"Kraftanlagen\",\"url\":\"https:\\\/\\\/www.kraftanlagen.com\\\/ro\\\/\",\"logo\":{\"@type\":\"ImageObject\",\"inLanguage\":\"ro-RO\",\"@id\":\"https:\\\/\\\/www.kraftanlagen.com\\\/ro\\\/#\\\/schema\\\/logo\\\/image\\\/\",\"url\":\"https:\\\/\\\/www.kraftanlagen.com\\\/wp-content\\\/uploads\\\/2022\\\/06\\\/Kraftanlagen-logo-color.svg\",\"contentUrl\":\"https:\\\/\\\/www.kraftanlagen.com\\\/wp-content\\\/uploads\\\/2022\\\/06\\\/Kraftanlagen-logo-color.svg\",\"width\":\"1024\",\"height\":\"1024\",\"caption\":\"Kraftanlagen Energies & Services SE\"},\"image\":{\"@id\":\"https:\\\/\\\/www.kraftanlagen.com\\\/ro\\\/#\\\/schema\\\/logo\\\/image\\\/\"},\"sameAs\":[\"https:\\\/\\\/www.linkedin.com\\\/company\\\/kraftanlagengruppe\",\"https:\\\/\\\/www.xing.com\\\/pages\\\/kraftanlagen-energies-services\",\"https:\\\/\\\/www.youtube.com\\\/user\\\/KAMMXK\"]},{\"@type\":\"Person\",\"@id\":\"https:\\\/\\\/www.kraftanlagen.com\\\/ro\\\/#\\\/schema\\\/person\\\/6b44eba998048a5f10d24518ffbf52e3\",\"name\":\"Emanuela Delnilo\",\"url\":\"https:\\\/\\\/www.kraftanlagen.com\\\/ro\\\/author\\\/emanuela-delnilom2bc-de\\\/\"}]}<\/script>\n<!-- \/ Yoast SEO plugin. -->","yoast_head_json":{"title":"Facem o central\u0103 termoelectric\u0103 \u00een cogenerare mai eficient\u0103 \u0219i mai flexibil\u0103 - Kraftanlagen Energies &amp; Services SE","robots":{"index":"index","follow":"follow","max-snippet":"max-snippet:-1","max-image-preview":"max-image-preview:large","max-video-preview":"max-video-preview:-1"},"canonical":"https:\/\/www.kraftanlagen.com\/ro\/facem-o-centrala-termoelectrica-in-cogenerare-mai-eficienta-si-mai-flexibila\/","og_locale":"ro_RO","og_type":"article","og_title":"Facem o central\u0103 termoelectric\u0103 \u00een cogenerare mai eficient\u0103 \u0219i mai flexibil\u0103 - Kraftanlagen Energies &amp; Services SE","og_description":"[vc_row type=&#8221;in_container&#8221; full_screen_row_position=&#8221;middle&#8221; column_margin=&#8221;default&#8221; column_direction=&#8221;default&#8221; column_direction_tablet=&#8221;default&#8221; column_direction_phone=&#8221;default&#8221; scene_position=&#8221;center&#8221; text_color=&#8221;dark&#8221; text_align=&#8221;left&#8221; row_border_radius=&#8221;none&#8221; row_border_radius_applies=&#8221;bg&#8221; overflow=&#8221;visible&#8221; overlay_strength=&#8221;0.3&#8243; gradient_direction=&#8221;left_to_right&#8221; shape_divider_position=&#8221;bottom&#8221; bg_image_animation=&#8221;none&#8221;][vc_column column_padding=&#8221;no-extra-padding&#8221; column_padding_tablet=&#8221;inherit&#8221; column_padding_phone=&#8221;inherit&#8221; column_padding_position=&#8221;all&#8221; column_element_spacing=&#8221;default&#8221; background_color_opacity=&#8221;1&#8243; background_hover_color_opacity=&#8221;1&#8243; column_shadow=&#8221;none&#8221; column_border_radius=&#8221;none&#8221; column_link_target=&#8221;_self&#8221; column_position=&#8221;default&#8221; gradient_direction=&#8221;left_to_right&#8221; overlay_strength=&#8221;0.3&#8243;...","og_url":"https:\/\/www.kraftanlagen.com\/ro\/facem-o-centrala-termoelectrica-in-cogenerare-mai-eficienta-si-mai-flexibila\/","og_site_name":"Kraftanlagen Energies &amp; Services SE","article_published_time":"2022-02-21T16:07:38+00:00","article_modified_time":"2023-03-30T15:59:48+00:00","og_image":[{"width":1024,"height":510,"url":"https:\/\/www.kraftanlagen.com\/wp-content\/uploads\/2022\/02\/waermespeicher_2022_steve-bauerschmidt.webp","type":"image\/webp"}],"author":"Emanuela Delnilo","twitter_card":"summary_large_image","twitter_misc":{"Scris de":"Emanuela Delnilo","Timp estimat pentru citire":"8 minute"},"schema":{"@context":"https:\/\/schema.org","@graph":[{"@type":"Article","@id":"https:\/\/www.kraftanlagen.com\/ro\/facem-o-centrala-termoelectrica-in-cogenerare-mai-eficienta-si-mai-flexibila\/#article","isPartOf":{"@id":"https:\/\/www.kraftanlagen.com\/ro\/facem-o-centrala-termoelectrica-in-cogenerare-mai-eficienta-si-mai-flexibila\/"},"author":{"name":"Emanuela Delnilo","@id":"https:\/\/www.kraftanlagen.com\/ro\/#\/schema\/person\/6b44eba998048a5f10d24518ffbf52e3"},"headline":"Facem o central\u0103 termoelectric\u0103 \u00een cogenerare mai eficient\u0103 \u0219i mai flexibil\u0103","datePublished":"2022-02-21T16:07:38+00:00","dateModified":"2023-03-30T15:59:48+00:00","mainEntityOfPage":{"@id":"https:\/\/www.kraftanlagen.com\/ro\/facem-o-centrala-termoelectrica-in-cogenerare-mai-eficienta-si-mai-flexibila\/"},"wordCount":1663,"publisher":{"@id":"https:\/\/www.kraftanlagen.com\/ro\/#organization"},"image":{"@id":"https:\/\/www.kraftanlagen.com\/ro\/facem-o-centrala-termoelectrica-in-cogenerare-mai-eficienta-si-mai-flexibila\/#primaryimage"},"thumbnailUrl":"https:\/\/www.kraftanlagen.com\/wp-content\/uploads\/2022\/02\/waermespeicher_2022_steve-bauerschmidt.webp","articleSection":["Inova\u021bii","Studiu de caz"],"inLanguage":"ro-RO"},{"@type":"WebPage","@id":"https:\/\/www.kraftanlagen.com\/ro\/facem-o-centrala-termoelectrica-in-cogenerare-mai-eficienta-si-mai-flexibila\/","url":"https:\/\/www.kraftanlagen.com\/ro\/facem-o-centrala-termoelectrica-in-cogenerare-mai-eficienta-si-mai-flexibila\/","name":"Facem o central\u0103 termoelectric\u0103 \u00een cogenerare mai eficient\u0103 \u0219i mai flexibil\u0103 - Kraftanlagen Energies &amp; Services SE","isPartOf":{"@id":"https:\/\/www.kraftanlagen.com\/ro\/#website"},"primaryImageOfPage":{"@id":"https:\/\/www.kraftanlagen.com\/ro\/facem-o-centrala-termoelectrica-in-cogenerare-mai-eficienta-si-mai-flexibila\/#primaryimage"},"image":{"@id":"https:\/\/www.kraftanlagen.com\/ro\/facem-o-centrala-termoelectrica-in-cogenerare-mai-eficienta-si-mai-flexibila\/#primaryimage"},"thumbnailUrl":"https:\/\/www.kraftanlagen.com\/wp-content\/uploads\/2022\/02\/waermespeicher_2022_steve-bauerschmidt.webp","datePublished":"2022-02-21T16:07:38+00:00","dateModified":"2023-03-30T15:59:48+00:00","breadcrumb":{"@id":"https:\/\/www.kraftanlagen.com\/ro\/facem-o-centrala-termoelectrica-in-cogenerare-mai-eficienta-si-mai-flexibila\/#breadcrumb"},"inLanguage":"ro-RO","potentialAction":[{"@type":"ReadAction","target":["https:\/\/www.kraftanlagen.com\/ro\/facem-o-centrala-termoelectrica-in-cogenerare-mai-eficienta-si-mai-flexibila\/"]}]},{"@type":"ImageObject","inLanguage":"ro-RO","@id":"https:\/\/www.kraftanlagen.com\/ro\/facem-o-centrala-termoelectrica-in-cogenerare-mai-eficienta-si-mai-flexibila\/#primaryimage","url":"https:\/\/www.kraftanlagen.com\/wp-content\/uploads\/2022\/02\/waermespeicher_2022_steve-bauerschmidt.webp","contentUrl":"https:\/\/www.kraftanlagen.com\/wp-content\/uploads\/2022\/02\/waermespeicher_2022_steve-bauerschmidt.webp","width":1024,"height":510},{"@type":"BreadcrumbList","@id":"https:\/\/www.kraftanlagen.com\/ro\/facem-o-centrala-termoelectrica-in-cogenerare-mai-eficienta-si-mai-flexibila\/#breadcrumb","itemListElement":[{"@type":"ListItem","position":1,"name":"Home","item":"https:\/\/www.kraftanlagen.com\/ro\/"},{"@type":"ListItem","position":2,"name":"Facem o central\u0103 termoelectric\u0103 \u00een cogenerare mai eficient\u0103 \u0219i mai flexibil\u0103"}]},{"@type":"WebSite","@id":"https:\/\/www.kraftanlagen.com\/ro\/#website","url":"https:\/\/www.kraftanlagen.com\/ro\/","name":"Kraftanlagen Energies & Services GmbH","description":"Speciali\u0219tii dumneavoastr\u0103 \u00een domeniul Decarbonizare","publisher":{"@id":"https:\/\/www.kraftanlagen.com\/ro\/#organization"},"alternateName":"Kraftanlagen","potentialAction":[{"@type":"SearchAction","target":{"@type":"EntryPoint","urlTemplate":"https:\/\/www.kraftanlagen.com\/ro\/?s={search_term_string}"},"query-input":{"@type":"PropertyValueSpecification","valueRequired":true,"valueName":"search_term_string"}}],"inLanguage":"ro-RO"},{"@type":"Organization","@id":"https:\/\/www.kraftanlagen.com\/ro\/#organization","name":"Kraftanlagen Energies & Services SE","alternateName":"Kraftanlagen","url":"https:\/\/www.kraftanlagen.com\/ro\/","logo":{"@type":"ImageObject","inLanguage":"ro-RO","@id":"https:\/\/www.kraftanlagen.com\/ro\/#\/schema\/logo\/image\/","url":"https:\/\/www.kraftanlagen.com\/wp-content\/uploads\/2022\/06\/Kraftanlagen-logo-color.svg","contentUrl":"https:\/\/www.kraftanlagen.com\/wp-content\/uploads\/2022\/06\/Kraftanlagen-logo-color.svg","width":"1024","height":"1024","caption":"Kraftanlagen Energies & Services SE"},"image":{"@id":"https:\/\/www.kraftanlagen.com\/ro\/#\/schema\/logo\/image\/"},"sameAs":["https:\/\/www.linkedin.com\/company\/kraftanlagengruppe","https:\/\/www.xing.com\/pages\/kraftanlagen-energies-services","https:\/\/www.youtube.com\/user\/KAMMXK"]},{"@type":"Person","@id":"https:\/\/www.kraftanlagen.com\/ro\/#\/schema\/person\/6b44eba998048a5f10d24518ffbf52e3","name":"Emanuela Delnilo","url":"https:\/\/www.kraftanlagen.com\/ro\/author\/emanuela-delnilom2bc-de\/"}]}},"acf":[],"_links":{"self":[{"href":"https:\/\/www.kraftanlagen.com\/ro\/wp-json\/wp\/v2\/posts\/9081","targetHints":{"allow":["GET"]}}],"collection":[{"href":"https:\/\/www.kraftanlagen.com\/ro\/wp-json\/wp\/v2\/posts"}],"about":[{"href":"https:\/\/www.kraftanlagen.com\/ro\/wp-json\/wp\/v2\/types\/post"}],"author":[{"embeddable":true,"href":"https:\/\/www.kraftanlagen.com\/ro\/wp-json\/wp\/v2\/users\/17"}],"replies":[{"embeddable":true,"href":"https:\/\/www.kraftanlagen.com\/ro\/wp-json\/wp\/v2\/comments?post=9081"}],"version-history":[{"count":3,"href":"https:\/\/www.kraftanlagen.com\/ro\/wp-json\/wp\/v2\/posts\/9081\/revisions"}],"predecessor-version":[{"id":10280,"href":"https:\/\/www.kraftanlagen.com\/ro\/wp-json\/wp\/v2\/posts\/9081\/revisions\/10280"}],"wp:featuredmedia":[{"embeddable":true,"href":"https:\/\/www.kraftanlagen.com\/ro\/wp-json\/wp\/v2\/media\/8869"}],"wp:attachment":[{"href":"https:\/\/www.kraftanlagen.com\/ro\/wp-json\/wp\/v2\/media?parent=9081"}],"wp:term":[{"taxonomy":"category","embeddable":true,"href":"https:\/\/www.kraftanlagen.com\/ro\/wp-json\/wp\/v2\/categories?post=9081"},{"taxonomy":"post_tag","embeddable":true,"href":"https:\/\/www.kraftanlagen.com\/ro\/wp-json\/wp\/v2\/tags?post=9081"}],"curies":[{"name":"wp","href":"https:\/\/api.w.org\/{rel}","templated":true}]}}