{"id":9066,"date":"2022-04-13T18:51:06","date_gmt":"2022-04-13T16:51:06","guid":{"rendered":"https:\/\/alt.kraftanlagen.com\/\/un-nou-furnizor-major-de-energie-solara-fotovoltaica-pv-cu-solutii-la-cheie-pentru-decarbonizarea-industriei-germane\/"},"modified":"2023-03-28T12:47:50","modified_gmt":"2023-03-28T10:47:50","slug":"un-nou-furnizor-major-de-energie-solara-fotovoltaica-pv-cu-solutii-la-cheie-pentru-decarbonizarea-industriei-germane","status":"publish","type":"post","link":"https:\/\/www.kraftanlagen.com\/ro\/un-nou-furnizor-major-de-energie-solara-fotovoltaica-pv-cu-solutii-la-cheie-pentru-decarbonizarea-industriei-germane\/","title":{"rendered":"Un nou furnizor major de energie solar\u0103 fotovoltaic\u0103 (PV) cu solu\u021bii la cheie pentru decarbonizarea industriei germane"},"content":{"rendered":"[vc_row type=&#8221;in_container&#8221; full_screen_row_position=&#8221;middle&#8221; column_margin=&#8221;default&#8221; column_direction=&#8221;default&#8221; column_direction_tablet=&#8221;default&#8221; column_direction_phone=&#8221;default&#8221; scene_position=&#8221;center&#8221; text_color=&#8221;dark&#8221; text_align=&#8221;left&#8221; row_border_radius=&#8221;none&#8221; row_border_radius_applies=&#8221;bg&#8221; overflow=&#8221;visible&#8221; overlay_strength=&#8221;0.3&#8243; gradient_direction=&#8221;left_to_right&#8221; shape_divider_position=&#8221;bottom&#8221; bg_image_animation=&#8221;none&#8221;][vc_column column_padding=&#8221;no-extra-padding&#8221; column_padding_tablet=&#8221;inherit&#8221; column_padding_phone=&#8221;inherit&#8221; column_padding_position=&#8221;all&#8221; column_element_spacing=&#8221;default&#8221; background_color_opacity=&#8221;1&#8243; background_hover_color_opacity=&#8221;1&#8243; column_shadow=&#8221;none&#8221; column_border_radius=&#8221;none&#8221; column_link_target=&#8221;_self&#8221; column_position=&#8221;default&#8221; gradient_direction=&#8221;left_to_right&#8221; overlay_strength=&#8221;0.3&#8243; width=&#8221;1\/1&#8243; tablet_width_inherit=&#8221;default&#8221; tablet_text_alignment=&#8221;default&#8221; phone_text_alignment=&#8221;default&#8221; animation_type=&#8221;default&#8221; bg_image_animation=&#8221;none&#8221; border_type=&#8221;simple&#8221; column_border_width=&#8221;none&#8221; column_border_style=&#8221;solid&#8221;][vc_column_text css=&#8221;.vc_custom_1679903486664{border-left-width: 4px !important;padding-top: 2px !important;padding-bottom: 2px !important;padding-left: 10px !important;border-left-color: #0093bb !important;border-left-style: solid !important;}&#8221;]<span class=\"nectar-dropcap\" >U<\/span>n furnizor de top la nivel interna\u021bional de servicii EPC (proiectare, livrare, montaj) \u00een domeniul megainstala\u021biilor fotovoltaice (PV) \u0219i un furnizor consacrat de solu\u021bii de sisteme integrate pentru industrie \u00ee\u0219i unesc for\u021bele pe pia\u021ba german\u0103.[\/vc_column_text][\/vc_column][\/vc_row][vc_row type=&#8221;in_container&#8221; full_screen_row_position=&#8221;middle&#8221; column_margin=&#8221;default&#8221; column_direction=&#8221;default&#8221; column_direction_tablet=&#8221;default&#8221; column_direction_phone=&#8221;default&#8221; scene_position=&#8221;center&#8221; text_color=&#8221;dark&#8221; text_align=&#8221;left&#8221; row_border_radius=&#8221;none&#8221; row_border_radius_applies=&#8221;bg&#8221; overflow=&#8221;visible&#8221; overlay_strength=&#8221;0.3&#8243; gradient_direction=&#8221;left_to_right&#8221; shape_divider_position=&#8221;bottom&#8221; bg_image_animation=&#8221;none&#8221;][vc_column column_padding=&#8221;no-extra-padding&#8221; column_padding_tablet=&#8221;inherit&#8221; column_padding_phone=&#8221;inherit&#8221; column_padding_position=&#8221;all&#8221; column_element_spacing=&#8221;default&#8221; background_color_opacity=&#8221;1&#8243; background_hover_color_opacity=&#8221;1&#8243; column_shadow=&#8221;none&#8221; column_border_radius=&#8221;none&#8221; column_link_target=&#8221;_self&#8221; column_position=&#8221;default&#8221; gradient_direction=&#8221;left_to_right&#8221; overlay_strength=&#8221;0.3&#8243; width=&#8221;1\/1&#8243; tablet_width_inherit=&#8221;default&#8221; tablet_text_alignment=&#8221;default&#8221; phone_text_alignment=&#8221;default&#8221; animation_type=&#8221;default&#8221; bg_image_animation=&#8221;none&#8221; border_type=&#8221;simple&#8221; column_border_width=&#8221;none&#8221; column_border_style=&#8221;solid&#8221;][vc_column_text css=&#8221;.vc_custom_1679903504390{border-left-width: 4px !important;padding-top: 2px !important;padding-bottom: 2px !important;padding-left: 10px !important;border-left-color: #0093bb !important;border-left-style: solid !important;}&#8221;]<span class=\"nectar-dropcap\" >B<\/span>ouygues Energies &amp; Services din Fran\u021ba \u0219i Kraftanlagen Energies &amp; Services din Germania ofer\u0103 solu\u021bii inovatoare pentru tranzi\u021bia energetic\u0103.[\/vc_column_text][\/vc_column][\/vc_row][vc_row type=&#8221;in_container&#8221; full_screen_row_position=&#8221;middle&#8221; column_margin=&#8221;default&#8221; column_direction=&#8221;default&#8221; column_direction_tablet=&#8221;default&#8221; column_direction_phone=&#8221;default&#8221; scene_position=&#8221;center&#8221; text_color=&#8221;dark&#8221; text_align=&#8221;left&#8221; row_border_radius=&#8221;none&#8221; row_border_radius_applies=&#8221;bg&#8221; overflow=&#8221;visible&#8221; overlay_strength=&#8221;0.3&#8243; gradient_direction=&#8221;left_to_right&#8221; shape_divider_position=&#8221;bottom&#8221; bg_image_animation=&#8221;none&#8221;][vc_column column_padding=&#8221;no-extra-padding&#8221; column_padding_tablet=&#8221;inherit&#8221; column_padding_phone=&#8221;inherit&#8221; column_padding_position=&#8221;all&#8221; column_element_spacing=&#8221;default&#8221; background_color_opacity=&#8221;1&#8243; background_hover_color_opacity=&#8221;1&#8243; column_shadow=&#8221;none&#8221; column_border_radius=&#8221;none&#8221; column_link_target=&#8221;_self&#8221; column_position=&#8221;default&#8221; gradient_direction=&#8221;left_to_right&#8221; overlay_strength=&#8221;0.3&#8243; width=&#8221;1\/1&#8243; tablet_width_inherit=&#8221;default&#8221; tablet_text_alignment=&#8221;default&#8221; phone_text_alignment=&#8221;default&#8221; animation_type=&#8221;default&#8221; bg_image_animation=&#8221;none&#8221; border_type=&#8221;simple&#8221; column_border_width=&#8221;none&#8221; column_border_style=&#8221;solid&#8221;][vc_column_text]<strong>Decarbonizare mai rapid\u0103 pentru industrie<\/strong><\/p>\n<p>Cele dou\u0103 \u00eentreprinderi \u00ee\u0219i unesc for\u021bele pentru a dezvolta \u0219i oferi solu\u021bii la cheie bazate pe generarea de energie solar\u0103 fotovoltaic\u0103 pentru pia\u021ba german\u0103. Aceast\u0103 colaborare va deschide noi oportunit\u0103\u021bi pentru juc\u0103torii din tranzi\u021bia energetic\u0103 \u0219i va permite industriei s\u0103-\u0219i controleze rapid costurile cu energia electric\u0103 \u0219i termic\u0103 \u0219i s\u0103 \u00ee\u0219i reduc\u0103 amprenta ecologic\u0103. Acest parteneriat este continuarea unei colabor\u0103ri deja de succes \u00eentre cele dou\u0103 \u00eentreprinderi din sectorul german de transport a energiei electrice pe megaproiecte de linii electrice.[\/vc_column_text][\/vc_column][\/vc_row][vc_row type=&#8221;in_container&#8221; full_screen_row_position=&#8221;middle&#8221; column_margin=&#8221;default&#8221; column_direction=&#8221;default&#8221; column_direction_tablet=&#8221;default&#8221; column_direction_phone=&#8221;default&#8221; scene_position=&#8221;center&#8221; text_color=&#8221;dark&#8221; text_align=&#8221;left&#8221; row_border_radius=&#8221;none&#8221; row_border_radius_applies=&#8221;bg&#8221; overflow=&#8221;visible&#8221; overlay_strength=&#8221;0.3&#8243; gradient_direction=&#8221;left_to_right&#8221; shape_divider_position=&#8221;bottom&#8221; bg_image_animation=&#8221;none&#8221;][vc_column column_padding=&#8221;no-extra-padding&#8221; column_padding_tablet=&#8221;inherit&#8221; column_padding_phone=&#8221;inherit&#8221; column_padding_position=&#8221;all&#8221; column_element_spacing=&#8221;default&#8221; background_color_opacity=&#8221;1&#8243; background_hover_color_opacity=&#8221;1&#8243; column_shadow=&#8221;none&#8221; column_border_radius=&#8221;none&#8221; column_link_target=&#8221;_self&#8221; column_position=&#8221;default&#8221; gradient_direction=&#8221;left_to_right&#8221; overlay_strength=&#8221;0.3&#8243; width=&#8221;1\/1&#8243; tablet_width_inherit=&#8221;default&#8221; tablet_text_alignment=&#8221;default&#8221; phone_text_alignment=&#8221;default&#8221; animation_type=&#8221;default&#8221; bg_image_animation=&#8221;none&#8221; border_type=&#8221;simple&#8221; column_border_width=&#8221;none&#8221; column_border_style=&#8221;solid&#8221;][vc_column_text]<strong>Portofoliu complet de solu\u021bii \u201ePV Solar\u201c \u0219i \u201ePV Solar +\u201c<\/strong><\/p>\n<p>Noul juc\u0103tor major din sectorul energiei solare din Germania ofer\u0103 un portofoliu complet de servicii, care include proiectarea, furnizarea \u0219i construc\u021bia, precum \u0219i operarea \u0219i \u00eentre\u021binerea instala\u021biilor fotovoltaice de dimensiuni medii \u0219i mari, a instala\u021biilor solare plutitoare a infrastructurilor agrofotovoltaice. \u00cen plus, oferta mai cuprinde \u0219i solu\u021bii personalizate \u201ePV-Power-to-X\u201c, bazate pe un istoric solid de succes \u00een acest domeniu (module Power to Heat, Green H2, Green Heat).<\/p>\n<p><strong>Elisabeth Benedetto<\/strong>, \u0219efa diviziei Energie din cadrul Bouygues Energies &amp; Services, explic\u0103: \u201ePornim de la premisa c\u0103 \u00een anii urm\u0103tori Germania va deveni una dintre cele mai inovatoare pie\u021be \u0219i credem c\u0103, prin combinarea competen\u021belor noastre, vom avea oportunitatea de a juca un rol cheie \u00een tranzi\u021bia energetic\u0103.\u201c<\/p>\n<p><strong>Marcus D\u00f6rfler<\/strong>, Head of Business Development Kraftanlagen Energies &amp; Services, adaug\u0103: \u201eScopul nostru este de a realiza o contribu\u021bie activ\u0103 \u0219i inovatoare la ambi\u021bioasele obiective ale tranzi\u021biei energetice germane, de exemplu la decarbonizarea produc\u021biei de energie electric\u0103, de energie termic\u0103 de proces \u0219i de combustibili sintetici.\u201c[\/vc_column_text][\/vc_column][\/vc_row][vc_row type=&#8221;in_container&#8221; full_screen_row_position=&#8221;middle&#8221; column_margin=&#8221;default&#8221; column_direction=&#8221;default&#8221; column_direction_tablet=&#8221;default&#8221; column_direction_phone=&#8221;default&#8221; scene_position=&#8221;center&#8221; text_color=&#8221;dark&#8221; text_align=&#8221;left&#8221; row_border_radius=&#8221;none&#8221; row_border_radius_applies=&#8221;bg&#8221; overflow=&#8221;visible&#8221; overlay_strength=&#8221;0.3&#8243; gradient_direction=&#8221;left_to_right&#8221; shape_divider_position=&#8221;bottom&#8221; bg_image_animation=&#8221;none&#8221;][vc_column column_padding=&#8221;no-extra-padding&#8221; column_padding_tablet=&#8221;inherit&#8221; column_padding_phone=&#8221;inherit&#8221; column_padding_position=&#8221;all&#8221; column_element_spacing=&#8221;default&#8221; background_color_opacity=&#8221;1&#8243; background_hover_color_opacity=&#8221;1&#8243; column_shadow=&#8221;none&#8221; column_border_radius=&#8221;none&#8221; column_link_target=&#8221;_self&#8221; column_position=&#8221;default&#8221; gradient_direction=&#8221;left_to_right&#8221; overlay_strength=&#8221;0.3&#8243; width=&#8221;1\/2&#8243; tablet_width_inherit=&#8221;default&#8221; tablet_text_alignment=&#8221;default&#8221; phone_text_alignment=&#8221;default&#8221; animation_type=&#8221;default&#8221; bg_image_animation=&#8221;none&#8221; border_type=&#8221;simple&#8221; column_border_width=&#8221;none&#8221; column_border_style=&#8221;solid&#8221;][image_with_animation image_url=&#8221;8238&#8243; image_size=&#8221;full&#8221; animation_type=&#8221;entrance&#8221; animation=&#8221;None&#8221; hover_animation=&#8221;none&#8221; alignment=&#8221;&#8221; border_radius=&#8221;20px&#8221; box_shadow=&#8221;none&#8221; image_loading=&#8221;default&#8221; max_width=&#8221;100%&#8221; max_width_mobile=&#8221;default&#8221;][\/vc_column][vc_column column_padding=&#8221;padding-5-percent&#8221; column_padding_tablet=&#8221;no-extra-padding&#8221; column_padding_phone=&#8221;no-extra-padding&#8221; column_padding_position=&#8221;left&#8221; top_margin_tablet=&#8221;-20&#8243; top_margin_phone=&#8221;0&#8243; column_element_spacing=&#8221;default&#8221; background_color_opacity=&#8221;1&#8243; background_hover_color_opacity=&#8221;1&#8243; column_shadow=&#8221;none&#8221; column_border_radius=&#8221;none&#8221; column_link_target=&#8221;_self&#8221; column_position=&#8221;default&#8221; advanced_gradient_angle=&#8221;0&#8243; gradient_direction=&#8221;left_to_right&#8221; overlay_strength=&#8221;0.3&#8243; width=&#8221;1\/2&#8243; tablet_width_inherit=&#8221;default&#8221; tablet_text_alignment=&#8221;default&#8221; phone_text_alignment=&#8221;default&#8221; animation_type=&#8221;default&#8221; bg_image_animation=&#8221;none&#8221; border_type=&#8221;simple&#8221; column_border_width=&#8221;none&#8221; column_border_style=&#8221;solid&#8221; gradient_type=&#8221;default&#8221;][vc_column_text]Cu o capacitate solar\u0103 instalat\u0103 de peste 3,2 GW, <strong>Bouygues Energies &amp; Services<\/strong> este cel mai mare furnizor de servicii EPC (proiectare, livrare, montaj) pentru instala\u021bii solare de mari dimensiuni din Fran\u021ba, iar la nivel global se num\u0103r\u0103 printre primii 1o furnizori de top de servicii EPC \u00een domeniul energiei solare, desf\u0103\u0219ur\u00e2ndu-\u0219i activitatea \u00een Australia, Asia de Sud-Est, Japonia \u0219i Caraibe.[\/vc_column_text][\/vc_column][\/vc_row][vc_row type=&#8221;in_container&#8221; full_screen_row_position=&#8221;middle&#8221; column_margin=&#8221;default&#8221; column_direction=&#8221;default&#8221; column_direction_tablet=&#8221;default&#8221; column_direction_phone=&#8221;default&#8221; scene_position=&#8221;center&#8221; text_color=&#8221;dark&#8221; text_align=&#8221;left&#8221; row_border_radius=&#8221;none&#8221; row_border_radius_applies=&#8221;bg&#8221; overflow=&#8221;visible&#8221; overlay_strength=&#8221;0.3&#8243; gradient_direction=&#8221;left_to_right&#8221; shape_divider_position=&#8221;bottom&#8221; bg_image_animation=&#8221;none&#8221;][vc_column column_padding=&#8221;no-extra-padding&#8221; column_padding_tablet=&#8221;inherit&#8221; column_padding_phone=&#8221;inherit&#8221; column_padding_position=&#8221;all&#8221; column_element_spacing=&#8221;default&#8221; background_color_opacity=&#8221;1&#8243; background_hover_color_opacity=&#8221;1&#8243; column_shadow=&#8221;none&#8221; column_border_radius=&#8221;none&#8221; column_link_target=&#8221;_self&#8221; column_position=&#8221;default&#8221; gradient_direction=&#8221;left_to_right&#8221; overlay_strength=&#8221;0.3&#8243; width=&#8221;1\/1&#8243; tablet_width_inherit=&#8221;default&#8221; tablet_text_alignment=&#8221;default&#8221; phone_text_alignment=&#8221;default&#8221; animation_type=&#8221;default&#8221; bg_image_animation=&#8221;none&#8221; border_type=&#8221;simple&#8221; column_border_width=&#8221;none&#8221; column_border_style=&#8221;solid&#8221;][vc_column_text]Prin divizia Energie, <strong>Kraftanlagen Energies &amp; Services<\/strong> se concentreaz\u0103 tot mai mult pe solu\u021bii de sector coupling (energie integrat\u0103) prin Power to X, hidrogen verde, pompe de c\u0103ldur\u0103 de mare capacitate \u0219i acumulatoare de c\u0103ldur\u0103.<\/p>\n<p><strong>Contakt Business Development<\/strong><br \/>\n<strong>Marcus D\u00f6rfler<\/strong> +49 89 6237 145 \u2013 <a href=\"mailto:marcus.doerfler@kraftanlagen.com\">marcus.doerfler@kraftanlagen.com<\/a>[\/vc_column_text][\/vc_column][\/vc_row]\n","protected":false},"excerpt":{"rendered":"<p>[vc_row type=&#8221;in_container&#8221; full_screen_row_position=&#8221;middle&#8221; column_margin=&#8221;default&#8221; column_direction=&#8221;default&#8221; column_direction_tablet=&#8221;default&#8221; column_direction_phone=&#8221;default&#8221; scene_position=&#8221;center&#8221; text_color=&#8221;dark&#8221; text_align=&#8221;left&#8221; row_border_radius=&#8221;none&#8221; row_border_radius_applies=&#8221;bg&#8221; overflow=&#8221;visible&#8221; overlay_strength=&#8221;0.3&#8243; gradient_direction=&#8221;left_to_right&#8221; shape_divider_position=&#8221;bottom&#8221; bg_image_animation=&#8221;none&#8221;][vc_column column_padding=&#8221;no-extra-padding&#8221; column_padding_tablet=&#8221;inherit&#8221; column_padding_phone=&#8221;inherit&#8221; column_padding_position=&#8221;all&#8221; column_element_spacing=&#8221;default&#8221; background_color_opacity=&#8221;1&#8243; background_hover_color_opacity=&#8221;1&#8243; column_shadow=&#8221;none&#8221; column_border_radius=&#8221;none&#8221; column_link_target=&#8221;_self&#8221; column_position=&#8221;default&#8221; gradient_direction=&#8221;left_to_right&#8221; overlay_strength=&#8221;0.3&#8243;&#8230;<\/p>\n","protected":false},"author":17,"featured_media":8861,"comment_status":"closed","ping_status":"open","sticky":false,"template":"","format":"standard","meta":{"_acf_changed":false,"inline_featured_image":false,"footnotes":""},"categories":[78],"tags":[],"class_list":{"0":"post-9066","1":"post","2":"type-post","3":"status-publish","4":"format-standard","5":"has-post-thumbnail","7":"category-comunicate-de-presa"},"yoast_head":"<!-- This site is optimized with the Yoast SEO plugin v27.5 - https:\/\/yoast.com\/product\/yoast-seo-wordpress\/ -->\n<title>Un nou furnizor major de energie solar\u0103 fotovoltaic\u0103 (PV) cu solu\u021bii la cheie pentru decarbonizarea industriei germane - Kraftanlagen Energies &amp; Services SE<\/title>\n<meta name=\"robots\" content=\"index, follow, max-snippet:-1, max-image-preview:large, max-video-preview:-1\" \/>\n<link rel=\"canonical\" href=\"https:\/\/www.kraftanlagen.com\/ro\/un-nou-furnizor-major-de-energie-solara-fotovoltaica-pv-cu-solutii-la-cheie-pentru-decarbonizarea-industriei-germane\/\" \/>\n<meta property=\"og:locale\" content=\"ro_RO\" \/>\n<meta property=\"og:type\" content=\"article\" \/>\n<meta property=\"og:title\" content=\"Un nou furnizor major de energie solar\u0103 fotovoltaic\u0103 (PV) cu solu\u021bii la cheie pentru decarbonizarea industriei germane - Kraftanlagen Energies &amp; Services SE\" \/>\n<meta property=\"og:description\" content=\"[vc_row type=&#8221;in_container&#8221; full_screen_row_position=&#8221;middle&#8221; column_margin=&#8221;default&#8221; column_direction=&#8221;default&#8221; column_direction_tablet=&#8221;default&#8221; column_direction_phone=&#8221;default&#8221; scene_position=&#8221;center&#8221; text_color=&#8221;dark&#8221; text_align=&#8221;left&#8221; row_border_radius=&#8221;none&#8221; row_border_radius_applies=&#8221;bg&#8221; overflow=&#8221;visible&#8221; overlay_strength=&#8221;0.3&#8243; gradient_direction=&#8221;left_to_right&#8221; shape_divider_position=&#8221;bottom&#8221; bg_image_animation=&#8221;none&#8221;][vc_column column_padding=&#8221;no-extra-padding&#8221; column_padding_tablet=&#8221;inherit&#8221; column_padding_phone=&#8221;inherit&#8221; column_padding_position=&#8221;all&#8221; column_element_spacing=&#8221;default&#8221; background_color_opacity=&#8221;1&#8243; background_hover_color_opacity=&#8221;1&#8243; column_shadow=&#8221;none&#8221; column_border_radius=&#8221;none&#8221; column_link_target=&#8221;_self&#8221; column_position=&#8221;default&#8221; gradient_direction=&#8221;left_to_right&#8221; overlay_strength=&#8221;0.3&#8243;...\" \/>\n<meta property=\"og:url\" content=\"https:\/\/www.kraftanlagen.com\/ro\/un-nou-furnizor-major-de-energie-solara-fotovoltaica-pv-cu-solutii-la-cheie-pentru-decarbonizarea-industriei-germane\/\" \/>\n<meta property=\"og:site_name\" content=\"Kraftanlagen Energies &amp; Services SE\" \/>\n<meta property=\"article:published_time\" content=\"2022-04-13T16:51:06+00:00\" \/>\n<meta property=\"article:modified_time\" content=\"2023-03-28T10:47:50+00:00\" \/>\n<meta property=\"og:image\" content=\"https:\/\/www.kraftanlagen.com\/wp-content\/uploads\/2023\/03\/solar.webp\" \/>\n\t<meta property=\"og:image:width\" content=\"700\" \/>\n\t<meta property=\"og:image:height\" content=\"463\" \/>\n\t<meta property=\"og:image:type\" content=\"image\/webp\" \/>\n<meta name=\"author\" content=\"Emanuela Delnilo\" \/>\n<meta name=\"twitter:card\" content=\"summary_large_image\" \/>\n<meta name=\"twitter:label1\" content=\"Scris de\" \/>\n\t<meta name=\"twitter:data1\" content=\"Emanuela Delnilo\" \/>\n\t<meta name=\"twitter:label2\" content=\"Timp estimat pentru citire\" \/>\n\t<meta name=\"twitter:data2\" content=\"8 minute\" \/>\n<script type=\"application\/ld+json\" class=\"yoast-schema-graph\">{\"@context\":\"https:\\\/\\\/schema.org\",\"@graph\":[{\"@type\":\"Article\",\"@id\":\"https:\\\/\\\/www.kraftanlagen.com\\\/ro\\\/un-nou-furnizor-major-de-energie-solara-fotovoltaica-pv-cu-solutii-la-cheie-pentru-decarbonizarea-industriei-germane\\\/#article\",\"isPartOf\":{\"@id\":\"https:\\\/\\\/www.kraftanlagen.com\\\/ro\\\/un-nou-furnizor-major-de-energie-solara-fotovoltaica-pv-cu-solutii-la-cheie-pentru-decarbonizarea-industriei-germane\\\/\"},\"author\":{\"name\":\"Emanuela Delnilo\",\"@id\":\"https:\\\/\\\/www.kraftanlagen.com\\\/ro\\\/#\\\/schema\\\/person\\\/6b44eba998048a5f10d24518ffbf52e3\"},\"headline\":\"Un nou furnizor major de energie solar\u0103 fotovoltaic\u0103 (PV) cu solu\u021bii la cheie pentru decarbonizarea industriei germane\",\"datePublished\":\"2022-04-13T16:51:06+00:00\",\"dateModified\":\"2023-03-28T10:47:50+00:00\",\"mainEntityOfPage\":{\"@id\":\"https:\\\/\\\/www.kraftanlagen.com\\\/ro\\\/un-nou-furnizor-major-de-energie-solara-fotovoltaica-pv-cu-solutii-la-cheie-pentru-decarbonizarea-industriei-germane\\\/\"},\"wordCount\":1550,\"publisher\":{\"@id\":\"https:\\\/\\\/www.kraftanlagen.com\\\/ro\\\/#organization\"},\"image\":{\"@id\":\"https:\\\/\\\/www.kraftanlagen.com\\\/ro\\\/un-nou-furnizor-major-de-energie-solara-fotovoltaica-pv-cu-solutii-la-cheie-pentru-decarbonizarea-industriei-germane\\\/#primaryimage\"},\"thumbnailUrl\":\"https:\\\/\\\/www.kraftanlagen.com\\\/wp-content\\\/uploads\\\/2023\\\/03\\\/solar.webp\",\"articleSection\":[\"Comunicate de pres\u0103\"],\"inLanguage\":\"ro-RO\"},{\"@type\":\"WebPage\",\"@id\":\"https:\\\/\\\/www.kraftanlagen.com\\\/ro\\\/un-nou-furnizor-major-de-energie-solara-fotovoltaica-pv-cu-solutii-la-cheie-pentru-decarbonizarea-industriei-germane\\\/\",\"url\":\"https:\\\/\\\/www.kraftanlagen.com\\\/ro\\\/un-nou-furnizor-major-de-energie-solara-fotovoltaica-pv-cu-solutii-la-cheie-pentru-decarbonizarea-industriei-germane\\\/\",\"name\":\"Un nou furnizor major de energie solar\u0103 fotovoltaic\u0103 (PV) cu solu\u021bii la cheie pentru decarbonizarea industriei germane - Kraftanlagen Energies &amp; Services SE\",\"isPartOf\":{\"@id\":\"https:\\\/\\\/www.kraftanlagen.com\\\/ro\\\/#website\"},\"primaryImageOfPage\":{\"@id\":\"https:\\\/\\\/www.kraftanlagen.com\\\/ro\\\/un-nou-furnizor-major-de-energie-solara-fotovoltaica-pv-cu-solutii-la-cheie-pentru-decarbonizarea-industriei-germane\\\/#primaryimage\"},\"image\":{\"@id\":\"https:\\\/\\\/www.kraftanlagen.com\\\/ro\\\/un-nou-furnizor-major-de-energie-solara-fotovoltaica-pv-cu-solutii-la-cheie-pentru-decarbonizarea-industriei-germane\\\/#primaryimage\"},\"thumbnailUrl\":\"https:\\\/\\\/www.kraftanlagen.com\\\/wp-content\\\/uploads\\\/2023\\\/03\\\/solar.webp\",\"datePublished\":\"2022-04-13T16:51:06+00:00\",\"dateModified\":\"2023-03-28T10:47:50+00:00\",\"breadcrumb\":{\"@id\":\"https:\\\/\\\/www.kraftanlagen.com\\\/ro\\\/un-nou-furnizor-major-de-energie-solara-fotovoltaica-pv-cu-solutii-la-cheie-pentru-decarbonizarea-industriei-germane\\\/#breadcrumb\"},\"inLanguage\":\"ro-RO\",\"potentialAction\":[{\"@type\":\"ReadAction\",\"target\":[\"https:\\\/\\\/www.kraftanlagen.com\\\/ro\\\/un-nou-furnizor-major-de-energie-solara-fotovoltaica-pv-cu-solutii-la-cheie-pentru-decarbonizarea-industriei-germane\\\/\"]}]},{\"@type\":\"ImageObject\",\"inLanguage\":\"ro-RO\",\"@id\":\"https:\\\/\\\/www.kraftanlagen.com\\\/ro\\\/un-nou-furnizor-major-de-energie-solara-fotovoltaica-pv-cu-solutii-la-cheie-pentru-decarbonizarea-industriei-germane\\\/#primaryimage\",\"url\":\"https:\\\/\\\/www.kraftanlagen.com\\\/wp-content\\\/uploads\\\/2023\\\/03\\\/solar.webp\",\"contentUrl\":\"https:\\\/\\\/www.kraftanlagen.com\\\/wp-content\\\/uploads\\\/2023\\\/03\\\/solar.webp\",\"width\":700,\"height\":463},{\"@type\":\"BreadcrumbList\",\"@id\":\"https:\\\/\\\/www.kraftanlagen.com\\\/ro\\\/un-nou-furnizor-major-de-energie-solara-fotovoltaica-pv-cu-solutii-la-cheie-pentru-decarbonizarea-industriei-germane\\\/#breadcrumb\",\"itemListElement\":[{\"@type\":\"ListItem\",\"position\":1,\"name\":\"Home\",\"item\":\"https:\\\/\\\/www.kraftanlagen.com\\\/ro\\\/\"},{\"@type\":\"ListItem\",\"position\":2,\"name\":\"Un nou furnizor major de energie solar\u0103 fotovoltaic\u0103 (PV) cu solu\u021bii la cheie pentru decarbonizarea industriei germane\"}]},{\"@type\":\"WebSite\",\"@id\":\"https:\\\/\\\/www.kraftanlagen.com\\\/ro\\\/#website\",\"url\":\"https:\\\/\\\/www.kraftanlagen.com\\\/ro\\\/\",\"name\":\"Kraftanlagen Energies & Services GmbH\",\"description\":\"Speciali\u0219tii dumneavoastr\u0103 \u00een domeniul Decarbonizare\",\"publisher\":{\"@id\":\"https:\\\/\\\/www.kraftanlagen.com\\\/ro\\\/#organization\"},\"alternateName\":\"Kraftanlagen\",\"potentialAction\":[{\"@type\":\"SearchAction\",\"target\":{\"@type\":\"EntryPoint\",\"urlTemplate\":\"https:\\\/\\\/www.kraftanlagen.com\\\/ro\\\/?s={search_term_string}\"},\"query-input\":{\"@type\":\"PropertyValueSpecification\",\"valueRequired\":true,\"valueName\":\"search_term_string\"}}],\"inLanguage\":\"ro-RO\"},{\"@type\":\"Organization\",\"@id\":\"https:\\\/\\\/www.kraftanlagen.com\\\/ro\\\/#organization\",\"name\":\"Kraftanlagen Energies & Services SE\",\"alternateName\":\"Kraftanlagen\",\"url\":\"https:\\\/\\\/www.kraftanlagen.com\\\/ro\\\/\",\"logo\":{\"@type\":\"ImageObject\",\"inLanguage\":\"ro-RO\",\"@id\":\"https:\\\/\\\/www.kraftanlagen.com\\\/ro\\\/#\\\/schema\\\/logo\\\/image\\\/\",\"url\":\"https:\\\/\\\/www.kraftanlagen.com\\\/wp-content\\\/uploads\\\/2022\\\/06\\\/Kraftanlagen-logo-color.svg\",\"contentUrl\":\"https:\\\/\\\/www.kraftanlagen.com\\\/wp-content\\\/uploads\\\/2022\\\/06\\\/Kraftanlagen-logo-color.svg\",\"width\":\"1024\",\"height\":\"1024\",\"caption\":\"Kraftanlagen Energies & Services SE\"},\"image\":{\"@id\":\"https:\\\/\\\/www.kraftanlagen.com\\\/ro\\\/#\\\/schema\\\/logo\\\/image\\\/\"},\"sameAs\":[\"https:\\\/\\\/www.linkedin.com\\\/company\\\/kraftanlagengruppe\",\"https:\\\/\\\/www.xing.com\\\/pages\\\/kraftanlagen-energies-services\",\"https:\\\/\\\/www.youtube.com\\\/user\\\/KAMMXK\"]},{\"@type\":\"Person\",\"@id\":\"https:\\\/\\\/www.kraftanlagen.com\\\/ro\\\/#\\\/schema\\\/person\\\/6b44eba998048a5f10d24518ffbf52e3\",\"name\":\"Emanuela Delnilo\",\"url\":\"https:\\\/\\\/www.kraftanlagen.com\\\/ro\\\/author\\\/emanuela-delnilom2bc-de\\\/\"}]}<\/script>\n<!-- \/ Yoast SEO plugin. -->","yoast_head_json":{"title":"Un nou furnizor major de energie solar\u0103 fotovoltaic\u0103 (PV) cu solu\u021bii la cheie pentru decarbonizarea industriei germane - Kraftanlagen Energies &amp; Services SE","robots":{"index":"index","follow":"follow","max-snippet":"max-snippet:-1","max-image-preview":"max-image-preview:large","max-video-preview":"max-video-preview:-1"},"canonical":"https:\/\/www.kraftanlagen.com\/ro\/un-nou-furnizor-major-de-energie-solara-fotovoltaica-pv-cu-solutii-la-cheie-pentru-decarbonizarea-industriei-germane\/","og_locale":"ro_RO","og_type":"article","og_title":"Un nou furnizor major de energie solar\u0103 fotovoltaic\u0103 (PV) cu solu\u021bii la cheie pentru decarbonizarea industriei germane - Kraftanlagen Energies &amp; Services SE","og_description":"[vc_row type=&#8221;in_container&#8221; full_screen_row_position=&#8221;middle&#8221; column_margin=&#8221;default&#8221; column_direction=&#8221;default&#8221; column_direction_tablet=&#8221;default&#8221; column_direction_phone=&#8221;default&#8221; scene_position=&#8221;center&#8221; text_color=&#8221;dark&#8221; text_align=&#8221;left&#8221; row_border_radius=&#8221;none&#8221; row_border_radius_applies=&#8221;bg&#8221; overflow=&#8221;visible&#8221; overlay_strength=&#8221;0.3&#8243; gradient_direction=&#8221;left_to_right&#8221; shape_divider_position=&#8221;bottom&#8221; bg_image_animation=&#8221;none&#8221;][vc_column column_padding=&#8221;no-extra-padding&#8221; column_padding_tablet=&#8221;inherit&#8221; column_padding_phone=&#8221;inherit&#8221; column_padding_position=&#8221;all&#8221; column_element_spacing=&#8221;default&#8221; background_color_opacity=&#8221;1&#8243; background_hover_color_opacity=&#8221;1&#8243; column_shadow=&#8221;none&#8221; column_border_radius=&#8221;none&#8221; column_link_target=&#8221;_self&#8221; column_position=&#8221;default&#8221; gradient_direction=&#8221;left_to_right&#8221; overlay_strength=&#8221;0.3&#8243;...","og_url":"https:\/\/www.kraftanlagen.com\/ro\/un-nou-furnizor-major-de-energie-solara-fotovoltaica-pv-cu-solutii-la-cheie-pentru-decarbonizarea-industriei-germane\/","og_site_name":"Kraftanlagen Energies &amp; Services SE","article_published_time":"2022-04-13T16:51:06+00:00","article_modified_time":"2023-03-28T10:47:50+00:00","og_image":[{"width":700,"height":463,"url":"https:\/\/www.kraftanlagen.com\/wp-content\/uploads\/2023\/03\/solar.webp","type":"image\/webp"}],"author":"Emanuela Delnilo","twitter_card":"summary_large_image","twitter_misc":{"Scris de":"Emanuela Delnilo","Timp estimat pentru citire":"8 minute"},"schema":{"@context":"https:\/\/schema.org","@graph":[{"@type":"Article","@id":"https:\/\/www.kraftanlagen.com\/ro\/un-nou-furnizor-major-de-energie-solara-fotovoltaica-pv-cu-solutii-la-cheie-pentru-decarbonizarea-industriei-germane\/#article","isPartOf":{"@id":"https:\/\/www.kraftanlagen.com\/ro\/un-nou-furnizor-major-de-energie-solara-fotovoltaica-pv-cu-solutii-la-cheie-pentru-decarbonizarea-industriei-germane\/"},"author":{"name":"Emanuela Delnilo","@id":"https:\/\/www.kraftanlagen.com\/ro\/#\/schema\/person\/6b44eba998048a5f10d24518ffbf52e3"},"headline":"Un nou furnizor major de energie solar\u0103 fotovoltaic\u0103 (PV) cu solu\u021bii la cheie pentru decarbonizarea industriei germane","datePublished":"2022-04-13T16:51:06+00:00","dateModified":"2023-03-28T10:47:50+00:00","mainEntityOfPage":{"@id":"https:\/\/www.kraftanlagen.com\/ro\/un-nou-furnizor-major-de-energie-solara-fotovoltaica-pv-cu-solutii-la-cheie-pentru-decarbonizarea-industriei-germane\/"},"wordCount":1550,"publisher":{"@id":"https:\/\/www.kraftanlagen.com\/ro\/#organization"},"image":{"@id":"https:\/\/www.kraftanlagen.com\/ro\/un-nou-furnizor-major-de-energie-solara-fotovoltaica-pv-cu-solutii-la-cheie-pentru-decarbonizarea-industriei-germane\/#primaryimage"},"thumbnailUrl":"https:\/\/www.kraftanlagen.com\/wp-content\/uploads\/2023\/03\/solar.webp","articleSection":["Comunicate de pres\u0103"],"inLanguage":"ro-RO"},{"@type":"WebPage","@id":"https:\/\/www.kraftanlagen.com\/ro\/un-nou-furnizor-major-de-energie-solara-fotovoltaica-pv-cu-solutii-la-cheie-pentru-decarbonizarea-industriei-germane\/","url":"https:\/\/www.kraftanlagen.com\/ro\/un-nou-furnizor-major-de-energie-solara-fotovoltaica-pv-cu-solutii-la-cheie-pentru-decarbonizarea-industriei-germane\/","name":"Un nou furnizor major de energie solar\u0103 fotovoltaic\u0103 (PV) cu solu\u021bii la cheie pentru decarbonizarea industriei germane - Kraftanlagen Energies &amp; Services SE","isPartOf":{"@id":"https:\/\/www.kraftanlagen.com\/ro\/#website"},"primaryImageOfPage":{"@id":"https:\/\/www.kraftanlagen.com\/ro\/un-nou-furnizor-major-de-energie-solara-fotovoltaica-pv-cu-solutii-la-cheie-pentru-decarbonizarea-industriei-germane\/#primaryimage"},"image":{"@id":"https:\/\/www.kraftanlagen.com\/ro\/un-nou-furnizor-major-de-energie-solara-fotovoltaica-pv-cu-solutii-la-cheie-pentru-decarbonizarea-industriei-germane\/#primaryimage"},"thumbnailUrl":"https:\/\/www.kraftanlagen.com\/wp-content\/uploads\/2023\/03\/solar.webp","datePublished":"2022-04-13T16:51:06+00:00","dateModified":"2023-03-28T10:47:50+00:00","breadcrumb":{"@id":"https:\/\/www.kraftanlagen.com\/ro\/un-nou-furnizor-major-de-energie-solara-fotovoltaica-pv-cu-solutii-la-cheie-pentru-decarbonizarea-industriei-germane\/#breadcrumb"},"inLanguage":"ro-RO","potentialAction":[{"@type":"ReadAction","target":["https:\/\/www.kraftanlagen.com\/ro\/un-nou-furnizor-major-de-energie-solara-fotovoltaica-pv-cu-solutii-la-cheie-pentru-decarbonizarea-industriei-germane\/"]}]},{"@type":"ImageObject","inLanguage":"ro-RO","@id":"https:\/\/www.kraftanlagen.com\/ro\/un-nou-furnizor-major-de-energie-solara-fotovoltaica-pv-cu-solutii-la-cheie-pentru-decarbonizarea-industriei-germane\/#primaryimage","url":"https:\/\/www.kraftanlagen.com\/wp-content\/uploads\/2023\/03\/solar.webp","contentUrl":"https:\/\/www.kraftanlagen.com\/wp-content\/uploads\/2023\/03\/solar.webp","width":700,"height":463},{"@type":"BreadcrumbList","@id":"https:\/\/www.kraftanlagen.com\/ro\/un-nou-furnizor-major-de-energie-solara-fotovoltaica-pv-cu-solutii-la-cheie-pentru-decarbonizarea-industriei-germane\/#breadcrumb","itemListElement":[{"@type":"ListItem","position":1,"name":"Home","item":"https:\/\/www.kraftanlagen.com\/ro\/"},{"@type":"ListItem","position":2,"name":"Un nou furnizor major de energie solar\u0103 fotovoltaic\u0103 (PV) cu solu\u021bii la cheie pentru decarbonizarea industriei germane"}]},{"@type":"WebSite","@id":"https:\/\/www.kraftanlagen.com\/ro\/#website","url":"https:\/\/www.kraftanlagen.com\/ro\/","name":"Kraftanlagen Energies & Services GmbH","description":"Speciali\u0219tii dumneavoastr\u0103 \u00een domeniul Decarbonizare","publisher":{"@id":"https:\/\/www.kraftanlagen.com\/ro\/#organization"},"alternateName":"Kraftanlagen","potentialAction":[{"@type":"SearchAction","target":{"@type":"EntryPoint","urlTemplate":"https:\/\/www.kraftanlagen.com\/ro\/?s={search_term_string}"},"query-input":{"@type":"PropertyValueSpecification","valueRequired":true,"valueName":"search_term_string"}}],"inLanguage":"ro-RO"},{"@type":"Organization","@id":"https:\/\/www.kraftanlagen.com\/ro\/#organization","name":"Kraftanlagen Energies & Services SE","alternateName":"Kraftanlagen","url":"https:\/\/www.kraftanlagen.com\/ro\/","logo":{"@type":"ImageObject","inLanguage":"ro-RO","@id":"https:\/\/www.kraftanlagen.com\/ro\/#\/schema\/logo\/image\/","url":"https:\/\/www.kraftanlagen.com\/wp-content\/uploads\/2022\/06\/Kraftanlagen-logo-color.svg","contentUrl":"https:\/\/www.kraftanlagen.com\/wp-content\/uploads\/2022\/06\/Kraftanlagen-logo-color.svg","width":"1024","height":"1024","caption":"Kraftanlagen Energies & Services SE"},"image":{"@id":"https:\/\/www.kraftanlagen.com\/ro\/#\/schema\/logo\/image\/"},"sameAs":["https:\/\/www.linkedin.com\/company\/kraftanlagengruppe","https:\/\/www.xing.com\/pages\/kraftanlagen-energies-services","https:\/\/www.youtube.com\/user\/KAMMXK"]},{"@type":"Person","@id":"https:\/\/www.kraftanlagen.com\/ro\/#\/schema\/person\/6b44eba998048a5f10d24518ffbf52e3","name":"Emanuela Delnilo","url":"https:\/\/www.kraftanlagen.com\/ro\/author\/emanuela-delnilom2bc-de\/"}]}},"acf":[],"_links":{"self":[{"href":"https:\/\/www.kraftanlagen.com\/ro\/wp-json\/wp\/v2\/posts\/9066","targetHints":{"allow":["GET"]}}],"collection":[{"href":"https:\/\/www.kraftanlagen.com\/ro\/wp-json\/wp\/v2\/posts"}],"about":[{"href":"https:\/\/www.kraftanlagen.com\/ro\/wp-json\/wp\/v2\/types\/post"}],"author":[{"embeddable":true,"href":"https:\/\/www.kraftanlagen.com\/ro\/wp-json\/wp\/v2\/users\/17"}],"replies":[{"embeddable":true,"href":"https:\/\/www.kraftanlagen.com\/ro\/wp-json\/wp\/v2\/comments?post=9066"}],"version-history":[{"count":2,"href":"https:\/\/www.kraftanlagen.com\/ro\/wp-json\/wp\/v2\/posts\/9066\/revisions"}],"predecessor-version":[{"id":9068,"href":"https:\/\/www.kraftanlagen.com\/ro\/wp-json\/wp\/v2\/posts\/9066\/revisions\/9068"}],"wp:featuredmedia":[{"embeddable":true,"href":"https:\/\/www.kraftanlagen.com\/ro\/wp-json\/wp\/v2\/media\/8861"}],"wp:attachment":[{"href":"https:\/\/www.kraftanlagen.com\/ro\/wp-json\/wp\/v2\/media?parent=9066"}],"wp:term":[{"taxonomy":"category","embeddable":true,"href":"https:\/\/www.kraftanlagen.com\/ro\/wp-json\/wp\/v2\/categories?post=9066"},{"taxonomy":"post_tag","embeddable":true,"href":"https:\/\/www.kraftanlagen.com\/ro\/wp-json\/wp\/v2\/tags?post=9066"}],"curies":[{"name":"wp","href":"https:\/\/api.w.org\/{rel}","templated":true}]}}