{"id":9032,"date":"2022-09-15T16:15:41","date_gmt":"2022-09-15T14:15:41","guid":{"rendered":"https:\/\/alt.kraftanlagen.com\/\/olivier-roussat-si-membri-ai-conducerii-de-top-bouygues-se-intalnesc-cu-kraftanlagen-industrie-si-wacker-chemie-ag\/"},"modified":"2023-03-28T11:41:37","modified_gmt":"2023-03-28T09:41:37","slug":"olivier-roussat-si-membri-ai-conducerii-de-top-bouygues-se-intalnesc-cu-kraftanlagen-industrie-si-wacker-chemie-ag","status":"publish","type":"post","link":"https:\/\/www.kraftanlagen.com\/ro\/olivier-roussat-si-membri-ai-conducerii-de-top-bouygues-se-intalnesc-cu-kraftanlagen-industrie-si-wacker-chemie-ag\/","title":{"rendered":"Olivier Roussat \u0219i membri ai conducerii de top Bouygues se \u00eent\u00e2lnesc cu Kraftanlagen Industrie \u0219i Wacker Chemie AG"},"content":{"rendered":"[vc_row type=&#8221;in_container&#8221; full_screen_row_position=&#8221;middle&#8221; column_margin=&#8221;default&#8221; column_direction=&#8221;default&#8221; column_direction_tablet=&#8221;default&#8221; column_direction_phone=&#8221;default&#8221; scene_position=&#8221;center&#8221; text_color=&#8221;dark&#8221; text_align=&#8221;left&#8221; row_border_radius=&#8221;none&#8221; row_border_radius_applies=&#8221;bg&#8221; overflow=&#8221;visible&#8221; overlay_strength=&#8221;0.3&#8243; gradient_direction=&#8221;left_to_right&#8221; shape_divider_position=&#8221;bottom&#8221; bg_image_animation=&#8221;none&#8221;][vc_column column_padding=&#8221;no-extra-padding&#8221; column_padding_tablet=&#8221;inherit&#8221; column_padding_phone=&#8221;inherit&#8221; column_padding_position=&#8221;all&#8221; column_element_spacing=&#8221;default&#8221; background_color_opacity=&#8221;1&#8243; background_hover_color_opacity=&#8221;1&#8243; column_shadow=&#8221;none&#8221; column_border_radius=&#8221;none&#8221; column_link_target=&#8221;_self&#8221; column_position=&#8221;default&#8221; gradient_direction=&#8221;left_to_right&#8221; overlay_strength=&#8221;0.3&#8243; width=&#8221;1\/1&#8243; tablet_width_inherit=&#8221;default&#8221; tablet_text_alignment=&#8221;default&#8221; phone_text_alignment=&#8221;default&#8221; animation_type=&#8221;default&#8221; bg_image_animation=&#8221;none&#8221; border_type=&#8221;simple&#8221; column_border_width=&#8221;none&#8221; column_border_style=&#8221;solid&#8221;][vc_column_text]<span class=\"nectar-dropcap\" >G<\/span>rupul Bouygues SA, cu sediul central \u00een Paris, este unul dintre cele mai importante grupuri franceze cotate la burs\u0103 \u0219i una dintre cele mai mari companii de construc\u021bii din lume.<\/p>\n<p>\u00cempreun\u0103 cu filiala sa, Kraftanlagen Energies &amp; Services GmbH, se vor continua investi\u021biile \u0219i \u00een loca\u021bia din Burghausen\/Haiming. Acolo este \u00een curs de construire o cl\u0103dire ultramodern\u0103 \u0219i eficient\u0103 din punct de vedere energetic, av\u00e2nd ca scop crearea de noi locuri de munc\u0103 \u0219i \u00een viitor reunirea sub acela\u0219i acoperi\u0219 a departamentelor Engineering, Prefabricare \u0219i Montaj.<\/p>\n<p>Kraftanlagen Energies &amp; Services GmbH \u00ee\u0219i asum\u0103 un rol important \u00een transformarea industriei chimice \u00een cadrul ini\u021biativei ChemDelta Bavaria. De acest lucru a avut pentru prima dat\u0103 ocazia s\u0103 se conving\u0103 \u0219i Olivier Roussat, director general al grupului Bouygues. Acesta a fost \u00eenso\u021bit de Pascal Minault, director general al Bouygues Construction, Pierre Vanstoflegatte, director general al Bouygues Energies &amp; Services, \u0219i St\u00e9phane Stoll, director al Energy &amp; Industry DE al Bouygues Energies &amp; Services.<\/p>\n<p>Pe aceast\u0103 tem\u0103 a avut loc \u00een Burghausen, pe data de 30 august 2022, un schimb intensiv de experien\u021b\u0103 \u00een domeniul managementului cu dr. Peter von Zumbusch, director al loca\u021biei din Burghausen \u0219i Senior Vice President al WACKER Chemie AG, unul dintre cei mai vechi clien\u021bi \u0219i parteneri strategici ai unit\u0103\u021bii opera\u021bionale Industrie.<\/p>\n<p>Provocarea comun\u0103 de a reconcilia economia, ecologia \u0219i responsabilitatea social\u0103 creeaz\u0103 spa\u021biu pentru noi sinergii \u0219i proiecte comune. Ambele companii sunt parteneri \u00een proiectul de cercetare H2 Reallabor Burghausen, care \u0219i-a propus s\u0103 devin\u0103 nucleul economiei bavareze a hidrogenului \u00een industrie.[\/vc_column_text][\/vc_column][\/vc_row][vc_row type=&#8221;in_container&#8221; full_screen_row_position=&#8221;middle&#8221; column_margin=&#8221;default&#8221; column_direction=&#8221;default&#8221; column_direction_tablet=&#8221;default&#8221; column_direction_phone=&#8221;default&#8221; scene_position=&#8221;center&#8221; text_color=&#8221;dark&#8221; text_align=&#8221;left&#8221; row_border_radius=&#8221;none&#8221; row_border_radius_applies=&#8221;bg&#8221; overflow=&#8221;visible&#8221; overlay_strength=&#8221;0.3&#8243; gradient_direction=&#8221;left_to_right&#8221; shape_divider_position=&#8221;bottom&#8221; bg_image_animation=&#8221;none&#8221;][vc_column column_padding=&#8221;no-extra-padding&#8221; column_padding_tablet=&#8221;inherit&#8221; column_padding_phone=&#8221;inherit&#8221; column_padding_position=&#8221;all&#8221; column_element_spacing=&#8221;default&#8221; background_color_opacity=&#8221;1&#8243; background_hover_color_opacity=&#8221;1&#8243; column_shadow=&#8221;none&#8221; column_border_radius=&#8221;none&#8221; column_link_target=&#8221;_self&#8221; column_position=&#8221;default&#8221; gradient_direction=&#8221;left_to_right&#8221; overlay_strength=&#8221;0.3&#8243; width=&#8221;1\/1&#8243; tablet_width_inherit=&#8221;default&#8221; tablet_text_alignment=&#8221;default&#8221; phone_text_alignment=&#8221;default&#8221; animation_type=&#8221;default&#8221; bg_image_animation=&#8221;none&#8221; border_type=&#8221;simple&#8221; column_border_width=&#8221;none&#8221; column_border_style=&#8221;solid&#8221;][image_with_animation image_url=&#8221;8222&#8243; image_size=&#8221;full&#8221; animation_type=&#8221;entrance&#8221; animation=&#8221;None&#8221; hover_animation=&#8221;none&#8221; alignment=&#8221;&#8221; border_radius=&#8221;20px&#8221; box_shadow=&#8221;none&#8221; image_loading=&#8221;default&#8221; max_width=&#8221;100%&#8221; max_width_mobile=&#8221;default&#8221;][vc_custom_heading text=&#8221;Conducerea Bouygues \u00een vizit\u0103 la WACKER \u00een Burghausen, directorul uzinei, Dr. Peter von Zumbusch (al \u0219aselea din st\u00e2nga).&#8221; font_container=&#8221;tag:p|font_size:14|text_align:left|line_height:1.1&#8243; use_theme_fonts=&#8221;yes&#8221;][\/vc_column][\/vc_row]\n","protected":false},"excerpt":{"rendered":"<p>[vc_row type=&#8221;in_container&#8221; full_screen_row_position=&#8221;middle&#8221; column_margin=&#8221;default&#8221; column_direction=&#8221;default&#8221; column_direction_tablet=&#8221;default&#8221; column_direction_phone=&#8221;default&#8221; scene_position=&#8221;center&#8221; text_color=&#8221;dark&#8221; text_align=&#8221;left&#8221; row_border_radius=&#8221;none&#8221; row_border_radius_applies=&#8221;bg&#8221; overflow=&#8221;visible&#8221; overlay_strength=&#8221;0.3&#8243; gradient_direction=&#8221;left_to_right&#8221; shape_divider_position=&#8221;bottom&#8221; bg_image_animation=&#8221;none&#8221;][vc_column column_padding=&#8221;no-extra-padding&#8221; column_padding_tablet=&#8221;inherit&#8221; column_padding_phone=&#8221;inherit&#8221; column_padding_position=&#8221;all&#8221; column_element_spacing=&#8221;default&#8221; background_color_opacity=&#8221;1&#8243; background_hover_color_opacity=&#8221;1&#8243; column_shadow=&#8221;none&#8221; column_border_radius=&#8221;none&#8221; column_link_target=&#8221;_self&#8221; column_position=&#8221;default&#8221; gradient_direction=&#8221;left_to_right&#8221; overlay_strength=&#8221;0.3&#8243;&#8230;<\/p>\n","protected":false},"author":17,"featured_media":8855,"comment_status":"closed","ping_status":"open","sticky":false,"template":"","format":"standard","meta":{"_acf_changed":false,"inline_featured_image":false,"footnotes":""},"categories":[78],"tags":[],"class_list":{"0":"post-9032","1":"post","2":"type-post","3":"status-publish","4":"format-standard","5":"has-post-thumbnail","7":"category-comunicate-de-presa"},"yoast_head":"<!-- This site is optimized with the Yoast SEO plugin v27.5 - https:\/\/yoast.com\/product\/yoast-seo-wordpress\/ -->\n<title>Olivier Roussat \u0219i membri ai conducerii de top Bouygues se \u00eent\u00e2lnesc cu Kraftanlagen Industrie \u0219i Wacker Chemie AG - Kraftanlagen Energies &amp; Services SE<\/title>\n<meta name=\"robots\" content=\"index, follow, max-snippet:-1, max-image-preview:large, max-video-preview:-1\" \/>\n<link rel=\"canonical\" href=\"https:\/\/www.kraftanlagen.com\/ro\/olivier-roussat-si-membri-ai-conducerii-de-top-bouygues-se-intalnesc-cu-kraftanlagen-industrie-si-wacker-chemie-ag\/\" \/>\n<meta property=\"og:locale\" content=\"ro_RO\" \/>\n<meta property=\"og:type\" content=\"article\" \/>\n<meta property=\"og:title\" content=\"Olivier Roussat \u0219i membri ai conducerii de top Bouygues se \u00eent\u00e2lnesc cu Kraftanlagen Industrie \u0219i Wacker Chemie AG - Kraftanlagen Energies &amp; Services SE\" \/>\n<meta property=\"og:description\" content=\"[vc_row type=&#8221;in_container&#8221; full_screen_row_position=&#8221;middle&#8221; column_margin=&#8221;default&#8221; column_direction=&#8221;default&#8221; column_direction_tablet=&#8221;default&#8221; column_direction_phone=&#8221;default&#8221; scene_position=&#8221;center&#8221; text_color=&#8221;dark&#8221; text_align=&#8221;left&#8221; row_border_radius=&#8221;none&#8221; row_border_radius_applies=&#8221;bg&#8221; overflow=&#8221;visible&#8221; overlay_strength=&#8221;0.3&#8243; gradient_direction=&#8221;left_to_right&#8221; shape_divider_position=&#8221;bottom&#8221; bg_image_animation=&#8221;none&#8221;][vc_column column_padding=&#8221;no-extra-padding&#8221; column_padding_tablet=&#8221;inherit&#8221; column_padding_phone=&#8221;inherit&#8221; column_padding_position=&#8221;all&#8221; column_element_spacing=&#8221;default&#8221; background_color_opacity=&#8221;1&#8243; background_hover_color_opacity=&#8221;1&#8243; column_shadow=&#8221;none&#8221; column_border_radius=&#8221;none&#8221; column_link_target=&#8221;_self&#8221; column_position=&#8221;default&#8221; gradient_direction=&#8221;left_to_right&#8221; overlay_strength=&#8221;0.3&#8243;...\" \/>\n<meta property=\"og:url\" content=\"https:\/\/www.kraftanlagen.com\/ro\/olivier-roussat-si-membri-ai-conducerii-de-top-bouygues-se-intalnesc-cu-kraftanlagen-industrie-si-wacker-chemie-ag\/\" \/>\n<meta property=\"og:site_name\" content=\"Kraftanlagen Energies &amp; Services SE\" \/>\n<meta property=\"article:published_time\" content=\"2022-09-15T14:15:41+00:00\" \/>\n<meta property=\"article:modified_time\" content=\"2023-03-28T09:41:37+00:00\" \/>\n<meta property=\"og:image\" content=\"https:\/\/www.kraftanlagen.com\/wp-content\/uploads\/2023\/03\/wacker-besuch-bouygues.webp\" \/>\n\t<meta property=\"og:image:width\" content=\"1024\" \/>\n\t<meta property=\"og:image:height\" content=\"683\" \/>\n\t<meta property=\"og:image:type\" content=\"image\/webp\" \/>\n<meta name=\"author\" content=\"Emanuela Delnilo\" \/>\n<meta name=\"twitter:card\" content=\"summary_large_image\" \/>\n<meta name=\"twitter:label1\" content=\"Scris de\" \/>\n\t<meta name=\"twitter:data1\" content=\"Emanuela Delnilo\" \/>\n\t<meta name=\"twitter:label2\" content=\"Timp estimat pentru citire\" \/>\n\t<meta name=\"twitter:data2\" content=\"3 minute\" \/>\n<script type=\"application\/ld+json\" class=\"yoast-schema-graph\">{\"@context\":\"https:\\\/\\\/schema.org\",\"@graph\":[{\"@type\":\"Article\",\"@id\":\"https:\\\/\\\/www.kraftanlagen.com\\\/ro\\\/olivier-roussat-si-membri-ai-conducerii-de-top-bouygues-se-intalnesc-cu-kraftanlagen-industrie-si-wacker-chemie-ag\\\/#article\",\"isPartOf\":{\"@id\":\"https:\\\/\\\/www.kraftanlagen.com\\\/ro\\\/olivier-roussat-si-membri-ai-conducerii-de-top-bouygues-se-intalnesc-cu-kraftanlagen-industrie-si-wacker-chemie-ag\\\/\"},\"author\":{\"name\":\"Emanuela Delnilo\",\"@id\":\"https:\\\/\\\/www.kraftanlagen.com\\\/ro\\\/#\\\/schema\\\/person\\\/6b44eba998048a5f10d24518ffbf52e3\"},\"headline\":\"Olivier Roussat \u0219i membri ai conducerii de top Bouygues se \u00eent\u00e2lnesc cu Kraftanlagen Industrie \u0219i Wacker Chemie AG\",\"datePublished\":\"2022-09-15T14:15:41+00:00\",\"dateModified\":\"2023-03-28T09:41:37+00:00\",\"mainEntityOfPage\":{\"@id\":\"https:\\\/\\\/www.kraftanlagen.com\\\/ro\\\/olivier-roussat-si-membri-ai-conducerii-de-top-bouygues-se-intalnesc-cu-kraftanlagen-industrie-si-wacker-chemie-ag\\\/\"},\"wordCount\":654,\"publisher\":{\"@id\":\"https:\\\/\\\/www.kraftanlagen.com\\\/ro\\\/#organization\"},\"image\":{\"@id\":\"https:\\\/\\\/www.kraftanlagen.com\\\/ro\\\/olivier-roussat-si-membri-ai-conducerii-de-top-bouygues-se-intalnesc-cu-kraftanlagen-industrie-si-wacker-chemie-ag\\\/#primaryimage\"},\"thumbnailUrl\":\"https:\\\/\\\/www.kraftanlagen.com\\\/wp-content\\\/uploads\\\/2023\\\/03\\\/wacker-besuch-bouygues.webp\",\"articleSection\":[\"Comunicate de pres\u0103\"],\"inLanguage\":\"ro-RO\"},{\"@type\":\"WebPage\",\"@id\":\"https:\\\/\\\/www.kraftanlagen.com\\\/ro\\\/olivier-roussat-si-membri-ai-conducerii-de-top-bouygues-se-intalnesc-cu-kraftanlagen-industrie-si-wacker-chemie-ag\\\/\",\"url\":\"https:\\\/\\\/www.kraftanlagen.com\\\/ro\\\/olivier-roussat-si-membri-ai-conducerii-de-top-bouygues-se-intalnesc-cu-kraftanlagen-industrie-si-wacker-chemie-ag\\\/\",\"name\":\"Olivier Roussat \u0219i membri ai conducerii de top Bouygues se \u00eent\u00e2lnesc cu Kraftanlagen Industrie \u0219i Wacker Chemie AG - Kraftanlagen Energies &amp; Services SE\",\"isPartOf\":{\"@id\":\"https:\\\/\\\/www.kraftanlagen.com\\\/ro\\\/#website\"},\"primaryImageOfPage\":{\"@id\":\"https:\\\/\\\/www.kraftanlagen.com\\\/ro\\\/olivier-roussat-si-membri-ai-conducerii-de-top-bouygues-se-intalnesc-cu-kraftanlagen-industrie-si-wacker-chemie-ag\\\/#primaryimage\"},\"image\":{\"@id\":\"https:\\\/\\\/www.kraftanlagen.com\\\/ro\\\/olivier-roussat-si-membri-ai-conducerii-de-top-bouygues-se-intalnesc-cu-kraftanlagen-industrie-si-wacker-chemie-ag\\\/#primaryimage\"},\"thumbnailUrl\":\"https:\\\/\\\/www.kraftanlagen.com\\\/wp-content\\\/uploads\\\/2023\\\/03\\\/wacker-besuch-bouygues.webp\",\"datePublished\":\"2022-09-15T14:15:41+00:00\",\"dateModified\":\"2023-03-28T09:41:37+00:00\",\"breadcrumb\":{\"@id\":\"https:\\\/\\\/www.kraftanlagen.com\\\/ro\\\/olivier-roussat-si-membri-ai-conducerii-de-top-bouygues-se-intalnesc-cu-kraftanlagen-industrie-si-wacker-chemie-ag\\\/#breadcrumb\"},\"inLanguage\":\"ro-RO\",\"potentialAction\":[{\"@type\":\"ReadAction\",\"target\":[\"https:\\\/\\\/www.kraftanlagen.com\\\/ro\\\/olivier-roussat-si-membri-ai-conducerii-de-top-bouygues-se-intalnesc-cu-kraftanlagen-industrie-si-wacker-chemie-ag\\\/\"]}]},{\"@type\":\"ImageObject\",\"inLanguage\":\"ro-RO\",\"@id\":\"https:\\\/\\\/www.kraftanlagen.com\\\/ro\\\/olivier-roussat-si-membri-ai-conducerii-de-top-bouygues-se-intalnesc-cu-kraftanlagen-industrie-si-wacker-chemie-ag\\\/#primaryimage\",\"url\":\"https:\\\/\\\/www.kraftanlagen.com\\\/wp-content\\\/uploads\\\/2023\\\/03\\\/wacker-besuch-bouygues.webp\",\"contentUrl\":\"https:\\\/\\\/www.kraftanlagen.com\\\/wp-content\\\/uploads\\\/2023\\\/03\\\/wacker-besuch-bouygues.webp\",\"width\":1024,\"height\":683},{\"@type\":\"BreadcrumbList\",\"@id\":\"https:\\\/\\\/www.kraftanlagen.com\\\/ro\\\/olivier-roussat-si-membri-ai-conducerii-de-top-bouygues-se-intalnesc-cu-kraftanlagen-industrie-si-wacker-chemie-ag\\\/#breadcrumb\",\"itemListElement\":[{\"@type\":\"ListItem\",\"position\":1,\"name\":\"Home\",\"item\":\"https:\\\/\\\/www.kraftanlagen.com\\\/ro\\\/\"},{\"@type\":\"ListItem\",\"position\":2,\"name\":\"Olivier Roussat \u0219i membri ai conducerii de top Bouygues se \u00eent\u00e2lnesc cu Kraftanlagen Industrie \u0219i Wacker Chemie AG\"}]},{\"@type\":\"WebSite\",\"@id\":\"https:\\\/\\\/www.kraftanlagen.com\\\/ro\\\/#website\",\"url\":\"https:\\\/\\\/www.kraftanlagen.com\\\/ro\\\/\",\"name\":\"Kraftanlagen Energies & Services GmbH\",\"description\":\"Speciali\u0219tii dumneavoastr\u0103 \u00een domeniul Decarbonizare\",\"publisher\":{\"@id\":\"https:\\\/\\\/www.kraftanlagen.com\\\/ro\\\/#organization\"},\"alternateName\":\"Kraftanlagen\",\"potentialAction\":[{\"@type\":\"SearchAction\",\"target\":{\"@type\":\"EntryPoint\",\"urlTemplate\":\"https:\\\/\\\/www.kraftanlagen.com\\\/ro\\\/?s={search_term_string}\"},\"query-input\":{\"@type\":\"PropertyValueSpecification\",\"valueRequired\":true,\"valueName\":\"search_term_string\"}}],\"inLanguage\":\"ro-RO\"},{\"@type\":\"Organization\",\"@id\":\"https:\\\/\\\/www.kraftanlagen.com\\\/ro\\\/#organization\",\"name\":\"Kraftanlagen Energies & Services SE\",\"alternateName\":\"Kraftanlagen\",\"url\":\"https:\\\/\\\/www.kraftanlagen.com\\\/ro\\\/\",\"logo\":{\"@type\":\"ImageObject\",\"inLanguage\":\"ro-RO\",\"@id\":\"https:\\\/\\\/www.kraftanlagen.com\\\/ro\\\/#\\\/schema\\\/logo\\\/image\\\/\",\"url\":\"https:\\\/\\\/www.kraftanlagen.com\\\/wp-content\\\/uploads\\\/2022\\\/06\\\/Kraftanlagen-logo-color.svg\",\"contentUrl\":\"https:\\\/\\\/www.kraftanlagen.com\\\/wp-content\\\/uploads\\\/2022\\\/06\\\/Kraftanlagen-logo-color.svg\",\"width\":\"1024\",\"height\":\"1024\",\"caption\":\"Kraftanlagen Energies & Services SE\"},\"image\":{\"@id\":\"https:\\\/\\\/www.kraftanlagen.com\\\/ro\\\/#\\\/schema\\\/logo\\\/image\\\/\"},\"sameAs\":[\"https:\\\/\\\/www.linkedin.com\\\/company\\\/kraftanlagengruppe\",\"https:\\\/\\\/www.xing.com\\\/pages\\\/kraftanlagen-energies-services\",\"https:\\\/\\\/www.youtube.com\\\/user\\\/KAMMXK\"]},{\"@type\":\"Person\",\"@id\":\"https:\\\/\\\/www.kraftanlagen.com\\\/ro\\\/#\\\/schema\\\/person\\\/6b44eba998048a5f10d24518ffbf52e3\",\"name\":\"Emanuela Delnilo\",\"url\":\"https:\\\/\\\/www.kraftanlagen.com\\\/ro\\\/author\\\/emanuela-delnilom2bc-de\\\/\"}]}<\/script>\n<!-- \/ Yoast SEO plugin. -->","yoast_head_json":{"title":"Olivier Roussat \u0219i membri ai conducerii de top Bouygues se \u00eent\u00e2lnesc cu Kraftanlagen Industrie \u0219i Wacker Chemie AG - Kraftanlagen Energies &amp; Services SE","robots":{"index":"index","follow":"follow","max-snippet":"max-snippet:-1","max-image-preview":"max-image-preview:large","max-video-preview":"max-video-preview:-1"},"canonical":"https:\/\/www.kraftanlagen.com\/ro\/olivier-roussat-si-membri-ai-conducerii-de-top-bouygues-se-intalnesc-cu-kraftanlagen-industrie-si-wacker-chemie-ag\/","og_locale":"ro_RO","og_type":"article","og_title":"Olivier Roussat \u0219i membri ai conducerii de top Bouygues se \u00eent\u00e2lnesc cu Kraftanlagen Industrie \u0219i Wacker Chemie AG - Kraftanlagen Energies &amp; Services SE","og_description":"[vc_row type=&#8221;in_container&#8221; full_screen_row_position=&#8221;middle&#8221; column_margin=&#8221;default&#8221; column_direction=&#8221;default&#8221; column_direction_tablet=&#8221;default&#8221; column_direction_phone=&#8221;default&#8221; scene_position=&#8221;center&#8221; text_color=&#8221;dark&#8221; text_align=&#8221;left&#8221; row_border_radius=&#8221;none&#8221; row_border_radius_applies=&#8221;bg&#8221; overflow=&#8221;visible&#8221; overlay_strength=&#8221;0.3&#8243; gradient_direction=&#8221;left_to_right&#8221; shape_divider_position=&#8221;bottom&#8221; bg_image_animation=&#8221;none&#8221;][vc_column column_padding=&#8221;no-extra-padding&#8221; column_padding_tablet=&#8221;inherit&#8221; column_padding_phone=&#8221;inherit&#8221; column_padding_position=&#8221;all&#8221; column_element_spacing=&#8221;default&#8221; background_color_opacity=&#8221;1&#8243; background_hover_color_opacity=&#8221;1&#8243; column_shadow=&#8221;none&#8221; column_border_radius=&#8221;none&#8221; column_link_target=&#8221;_self&#8221; column_position=&#8221;default&#8221; gradient_direction=&#8221;left_to_right&#8221; overlay_strength=&#8221;0.3&#8243;...","og_url":"https:\/\/www.kraftanlagen.com\/ro\/olivier-roussat-si-membri-ai-conducerii-de-top-bouygues-se-intalnesc-cu-kraftanlagen-industrie-si-wacker-chemie-ag\/","og_site_name":"Kraftanlagen Energies &amp; Services SE","article_published_time":"2022-09-15T14:15:41+00:00","article_modified_time":"2023-03-28T09:41:37+00:00","og_image":[{"width":1024,"height":683,"url":"https:\/\/www.kraftanlagen.com\/wp-content\/uploads\/2023\/03\/wacker-besuch-bouygues.webp","type":"image\/webp"}],"author":"Emanuela Delnilo","twitter_card":"summary_large_image","twitter_misc":{"Scris de":"Emanuela Delnilo","Timp estimat pentru citire":"3 minute"},"schema":{"@context":"https:\/\/schema.org","@graph":[{"@type":"Article","@id":"https:\/\/www.kraftanlagen.com\/ro\/olivier-roussat-si-membri-ai-conducerii-de-top-bouygues-se-intalnesc-cu-kraftanlagen-industrie-si-wacker-chemie-ag\/#article","isPartOf":{"@id":"https:\/\/www.kraftanlagen.com\/ro\/olivier-roussat-si-membri-ai-conducerii-de-top-bouygues-se-intalnesc-cu-kraftanlagen-industrie-si-wacker-chemie-ag\/"},"author":{"name":"Emanuela Delnilo","@id":"https:\/\/www.kraftanlagen.com\/ro\/#\/schema\/person\/6b44eba998048a5f10d24518ffbf52e3"},"headline":"Olivier Roussat \u0219i membri ai conducerii de top Bouygues se \u00eent\u00e2lnesc cu Kraftanlagen Industrie \u0219i Wacker Chemie AG","datePublished":"2022-09-15T14:15:41+00:00","dateModified":"2023-03-28T09:41:37+00:00","mainEntityOfPage":{"@id":"https:\/\/www.kraftanlagen.com\/ro\/olivier-roussat-si-membri-ai-conducerii-de-top-bouygues-se-intalnesc-cu-kraftanlagen-industrie-si-wacker-chemie-ag\/"},"wordCount":654,"publisher":{"@id":"https:\/\/www.kraftanlagen.com\/ro\/#organization"},"image":{"@id":"https:\/\/www.kraftanlagen.com\/ro\/olivier-roussat-si-membri-ai-conducerii-de-top-bouygues-se-intalnesc-cu-kraftanlagen-industrie-si-wacker-chemie-ag\/#primaryimage"},"thumbnailUrl":"https:\/\/www.kraftanlagen.com\/wp-content\/uploads\/2023\/03\/wacker-besuch-bouygues.webp","articleSection":["Comunicate de pres\u0103"],"inLanguage":"ro-RO"},{"@type":"WebPage","@id":"https:\/\/www.kraftanlagen.com\/ro\/olivier-roussat-si-membri-ai-conducerii-de-top-bouygues-se-intalnesc-cu-kraftanlagen-industrie-si-wacker-chemie-ag\/","url":"https:\/\/www.kraftanlagen.com\/ro\/olivier-roussat-si-membri-ai-conducerii-de-top-bouygues-se-intalnesc-cu-kraftanlagen-industrie-si-wacker-chemie-ag\/","name":"Olivier Roussat \u0219i membri ai conducerii de top Bouygues se \u00eent\u00e2lnesc cu Kraftanlagen Industrie \u0219i Wacker Chemie AG - Kraftanlagen Energies &amp; Services SE","isPartOf":{"@id":"https:\/\/www.kraftanlagen.com\/ro\/#website"},"primaryImageOfPage":{"@id":"https:\/\/www.kraftanlagen.com\/ro\/olivier-roussat-si-membri-ai-conducerii-de-top-bouygues-se-intalnesc-cu-kraftanlagen-industrie-si-wacker-chemie-ag\/#primaryimage"},"image":{"@id":"https:\/\/www.kraftanlagen.com\/ro\/olivier-roussat-si-membri-ai-conducerii-de-top-bouygues-se-intalnesc-cu-kraftanlagen-industrie-si-wacker-chemie-ag\/#primaryimage"},"thumbnailUrl":"https:\/\/www.kraftanlagen.com\/wp-content\/uploads\/2023\/03\/wacker-besuch-bouygues.webp","datePublished":"2022-09-15T14:15:41+00:00","dateModified":"2023-03-28T09:41:37+00:00","breadcrumb":{"@id":"https:\/\/www.kraftanlagen.com\/ro\/olivier-roussat-si-membri-ai-conducerii-de-top-bouygues-se-intalnesc-cu-kraftanlagen-industrie-si-wacker-chemie-ag\/#breadcrumb"},"inLanguage":"ro-RO","potentialAction":[{"@type":"ReadAction","target":["https:\/\/www.kraftanlagen.com\/ro\/olivier-roussat-si-membri-ai-conducerii-de-top-bouygues-se-intalnesc-cu-kraftanlagen-industrie-si-wacker-chemie-ag\/"]}]},{"@type":"ImageObject","inLanguage":"ro-RO","@id":"https:\/\/www.kraftanlagen.com\/ro\/olivier-roussat-si-membri-ai-conducerii-de-top-bouygues-se-intalnesc-cu-kraftanlagen-industrie-si-wacker-chemie-ag\/#primaryimage","url":"https:\/\/www.kraftanlagen.com\/wp-content\/uploads\/2023\/03\/wacker-besuch-bouygues.webp","contentUrl":"https:\/\/www.kraftanlagen.com\/wp-content\/uploads\/2023\/03\/wacker-besuch-bouygues.webp","width":1024,"height":683},{"@type":"BreadcrumbList","@id":"https:\/\/www.kraftanlagen.com\/ro\/olivier-roussat-si-membri-ai-conducerii-de-top-bouygues-se-intalnesc-cu-kraftanlagen-industrie-si-wacker-chemie-ag\/#breadcrumb","itemListElement":[{"@type":"ListItem","position":1,"name":"Home","item":"https:\/\/www.kraftanlagen.com\/ro\/"},{"@type":"ListItem","position":2,"name":"Olivier Roussat \u0219i membri ai conducerii de top Bouygues se \u00eent\u00e2lnesc cu Kraftanlagen Industrie \u0219i Wacker Chemie AG"}]},{"@type":"WebSite","@id":"https:\/\/www.kraftanlagen.com\/ro\/#website","url":"https:\/\/www.kraftanlagen.com\/ro\/","name":"Kraftanlagen Energies & Services GmbH","description":"Speciali\u0219tii dumneavoastr\u0103 \u00een domeniul Decarbonizare","publisher":{"@id":"https:\/\/www.kraftanlagen.com\/ro\/#organization"},"alternateName":"Kraftanlagen","potentialAction":[{"@type":"SearchAction","target":{"@type":"EntryPoint","urlTemplate":"https:\/\/www.kraftanlagen.com\/ro\/?s={search_term_string}"},"query-input":{"@type":"PropertyValueSpecification","valueRequired":true,"valueName":"search_term_string"}}],"inLanguage":"ro-RO"},{"@type":"Organization","@id":"https:\/\/www.kraftanlagen.com\/ro\/#organization","name":"Kraftanlagen Energies & Services SE","alternateName":"Kraftanlagen","url":"https:\/\/www.kraftanlagen.com\/ro\/","logo":{"@type":"ImageObject","inLanguage":"ro-RO","@id":"https:\/\/www.kraftanlagen.com\/ro\/#\/schema\/logo\/image\/","url":"https:\/\/www.kraftanlagen.com\/wp-content\/uploads\/2022\/06\/Kraftanlagen-logo-color.svg","contentUrl":"https:\/\/www.kraftanlagen.com\/wp-content\/uploads\/2022\/06\/Kraftanlagen-logo-color.svg","width":"1024","height":"1024","caption":"Kraftanlagen Energies & Services SE"},"image":{"@id":"https:\/\/www.kraftanlagen.com\/ro\/#\/schema\/logo\/image\/"},"sameAs":["https:\/\/www.linkedin.com\/company\/kraftanlagengruppe","https:\/\/www.xing.com\/pages\/kraftanlagen-energies-services","https:\/\/www.youtube.com\/user\/KAMMXK"]},{"@type":"Person","@id":"https:\/\/www.kraftanlagen.com\/ro\/#\/schema\/person\/6b44eba998048a5f10d24518ffbf52e3","name":"Emanuela Delnilo","url":"https:\/\/www.kraftanlagen.com\/ro\/author\/emanuela-delnilom2bc-de\/"}]}},"acf":[],"_links":{"self":[{"href":"https:\/\/www.kraftanlagen.com\/ro\/wp-json\/wp\/v2\/posts\/9032","targetHints":{"allow":["GET"]}}],"collection":[{"href":"https:\/\/www.kraftanlagen.com\/ro\/wp-json\/wp\/v2\/posts"}],"about":[{"href":"https:\/\/www.kraftanlagen.com\/ro\/wp-json\/wp\/v2\/types\/post"}],"author":[{"embeddable":true,"href":"https:\/\/www.kraftanlagen.com\/ro\/wp-json\/wp\/v2\/users\/17"}],"replies":[{"embeddable":true,"href":"https:\/\/www.kraftanlagen.com\/ro\/wp-json\/wp\/v2\/comments?post=9032"}],"version-history":[{"count":2,"href":"https:\/\/www.kraftanlagen.com\/ro\/wp-json\/wp\/v2\/posts\/9032\/revisions"}],"predecessor-version":[{"id":9034,"href":"https:\/\/www.kraftanlagen.com\/ro\/wp-json\/wp\/v2\/posts\/9032\/revisions\/9034"}],"wp:featuredmedia":[{"embeddable":true,"href":"https:\/\/www.kraftanlagen.com\/ro\/wp-json\/wp\/v2\/media\/8855"}],"wp:attachment":[{"href":"https:\/\/www.kraftanlagen.com\/ro\/wp-json\/wp\/v2\/media?parent=9032"}],"wp:term":[{"taxonomy":"category","embeddable":true,"href":"https:\/\/www.kraftanlagen.com\/ro\/wp-json\/wp\/v2\/categories?post=9032"},{"taxonomy":"post_tag","embeddable":true,"href":"https:\/\/www.kraftanlagen.com\/ro\/wp-json\/wp\/v2\/tags?post=9032"}],"curies":[{"name":"wp","href":"https:\/\/api.w.org\/{rel}","templated":true}]}}