{"id":8997,"date":"2022-09-23T18:16:39","date_gmt":"2022-09-23T16:16:39","guid":{"rendered":"https:\/\/alt.kraftanlagen.com\/\/element-central-al-tranzitiei-energetice-multitess-a-fost-inaugurat\/"},"modified":"2024-03-25T13:13:14","modified_gmt":"2024-03-25T11:13:14","slug":"element-central-al-tranzitiei-energetice-multitess-a-fost-inaugurat","status":"publish","type":"post","link":"https:\/\/www.kraftanlagen.com\/ro\/element-central-al-tranzitiei-energetice-multitess-a-fost-inaugurat\/","title":{"rendered":"Element central al tranzi\u021biei energetice: \u201emultiTESS\u201d a fost inaugurat"},"content":{"rendered":"[vc_row type=&#8221;in_container&#8221; full_screen_row_position=&#8221;middle&#8221; column_margin=&#8221;default&#8221; column_direction=&#8221;default&#8221; column_direction_tablet=&#8221;default&#8221; column_direction_phone=&#8221;default&#8221; scene_position=&#8221;center&#8221; text_color=&#8221;dark&#8221; text_align=&#8221;left&#8221; row_border_radius=&#8221;none&#8221; row_border_radius_applies=&#8221;bg&#8221; overflow=&#8221;visible&#8221; overlay_strength=&#8221;0.3&#8243; gradient_direction=&#8221;left_to_right&#8221; shape_divider_position=&#8221;bottom&#8221; bg_image_animation=&#8221;none&#8221;][vc_column column_padding=&#8221;no-extra-padding&#8221; column_padding_tablet=&#8221;inherit&#8221; column_padding_phone=&#8221;inherit&#8221; column_padding_position=&#8221;all&#8221; column_element_spacing=&#8221;default&#8221; background_color_opacity=&#8221;1&#8243; background_hover_color_opacity=&#8221;1&#8243; column_shadow=&#8221;none&#8221; column_border_radius=&#8221;none&#8221; column_link_target=&#8221;_self&#8221; column_position=&#8221;default&#8221; gradient_direction=&#8221;left_to_right&#8221; overlay_strength=&#8221;0.3&#8243; width=&#8221;1\/1&#8243; tablet_width_inherit=&#8221;default&#8221; tablet_text_alignment=&#8221;default&#8221; phone_text_alignment=&#8221;default&#8221; animation_type=&#8221;default&#8221; bg_image_animation=&#8221;none&#8221; border_type=&#8221;simple&#8221; column_border_width=&#8221;none&#8221; column_border_style=&#8221;solid&#8221;][vc_column_text css=&#8221;.vc_custom_1679817905664{border-left-width: 4px !important;padding-top: 2px !important;padding-bottom: 2px !important;padding-left: 10px !important;border-left-color: #0093bb !important;border-left-style: solid !important;}&#8221;]<span class=\"nectar-dropcap\" >E<\/span>nergia verde \u00eenlocuie\u0219te gazele naturale \u0219i c\u0103rbunele \u00een generarea de c\u0103ldur\u0103 de proces (abur de \u00eenalt\u0103 presiune, ulei termic, aer fierbinte) prin utilizarea acumulatorului termic Power-to-Heat <strong>Green Heat Module<\/strong>.[\/vc_column_text][\/vc_column][\/vc_row][vc_row type=&#8221;in_container&#8221; full_screen_row_position=&#8221;middle&#8221; column_margin=&#8221;default&#8221; column_direction=&#8221;default&#8221; column_direction_tablet=&#8221;default&#8221; column_direction_phone=&#8221;default&#8221; scene_position=&#8221;center&#8221; text_color=&#8221;dark&#8221; text_align=&#8221;left&#8221; row_border_radius=&#8221;none&#8221; row_border_radius_applies=&#8221;bg&#8221; overflow=&#8221;visible&#8221; overlay_strength=&#8221;0.3&#8243; gradient_direction=&#8221;left_to_right&#8221; shape_divider_position=&#8221;bottom&#8221; bg_image_animation=&#8221;none&#8221;][vc_column column_padding=&#8221;no-extra-padding&#8221; column_padding_tablet=&#8221;inherit&#8221; column_padding_phone=&#8221;inherit&#8221; column_padding_position=&#8221;all&#8221; column_element_spacing=&#8221;default&#8221; background_color_opacity=&#8221;1&#8243; background_hover_color_opacity=&#8221;1&#8243; column_shadow=&#8221;none&#8221; column_border_radius=&#8221;none&#8221; column_link_target=&#8221;_self&#8221; column_position=&#8221;default&#8221; gradient_direction=&#8221;left_to_right&#8221; overlay_strength=&#8221;0.3&#8243; width=&#8221;1\/1&#8243; tablet_width_inherit=&#8221;default&#8221; tablet_text_alignment=&#8221;default&#8221; phone_text_alignment=&#8221;default&#8221; animation_type=&#8221;default&#8221; bg_image_animation=&#8221;none&#8221; border_type=&#8221;simple&#8221; column_border_width=&#8221;none&#8221; column_border_style=&#8221;solid&#8221;][vc_column_text css=&#8221;.vc_custom_1679817952607{border-left-width: 4px !important;padding-top: 2px !important;padding-bottom: 2px !important;padding-left: 10px !important;border-left-color: #0093bb !important;border-left-style: solid !important;}&#8221;]<span class=\"nectar-dropcap\" >\u00ce<\/span>n cadrul proiectului <strong>multiTESS<\/strong>, mpreun\u0103 cu Institutul Solar din J\u00fclich \u0219i cu parteneri industriali, Kraftanlagen Energies &amp; Services a cercetat, dezvoltat \u0219i testat pentru prima dat\u0103 o instala\u021bie experimental\u0103 care func\u021bioneaz\u0103 la <strong>1000 de grade<\/strong>.[\/vc_column_text][\/vc_column][\/vc_row][vc_row type=&#8221;in_container&#8221; full_screen_row_position=&#8221;middle&#8221; column_margin=&#8221;default&#8221; column_direction=&#8221;default&#8221; column_direction_tablet=&#8221;default&#8221; column_direction_phone=&#8221;default&#8221; scene_position=&#8221;center&#8221; text_color=&#8221;dark&#8221; text_align=&#8221;left&#8221; row_border_radius=&#8221;none&#8221; row_border_radius_applies=&#8221;bg&#8221; overflow=&#8221;visible&#8221; overlay_strength=&#8221;0.3&#8243; gradient_direction=&#8221;left_to_right&#8221; shape_divider_position=&#8221;bottom&#8221; bg_image_animation=&#8221;none&#8221;][vc_column column_padding=&#8221;no-extra-padding&#8221; column_padding_tablet=&#8221;inherit&#8221; column_padding_phone=&#8221;inherit&#8221; column_padding_position=&#8221;all&#8221; column_element_spacing=&#8221;default&#8221; background_color_opacity=&#8221;1&#8243; background_hover_color_opacity=&#8221;1&#8243; column_shadow=&#8221;none&#8221; column_border_radius=&#8221;none&#8221; column_link_target=&#8221;_self&#8221; column_position=&#8221;default&#8221; gradient_direction=&#8221;left_to_right&#8221; overlay_strength=&#8221;0.3&#8243; width=&#8221;1\/1&#8243; tablet_width_inherit=&#8221;default&#8221; tablet_text_alignment=&#8221;default&#8221; phone_text_alignment=&#8221;default&#8221; animation_type=&#8221;default&#8221; bg_image_animation=&#8221;none&#8221; border_type=&#8221;simple&#8221; column_border_width=&#8221;none&#8221; column_border_style=&#8221;solid&#8221;][vc_column_text css=&#8221;.vc_custom_1679818019799{border-left-width: 4px !important;padding-top: 2px !important;padding-bottom: 2px !important;padding-left: 10px !important;border-left-color: #0093bb !important;border-left-style: solid !important;}&#8221;]<span class=\"nectar-dropcap\" >O<\/span>biectivul central este aprovizionarea cu energie electric\u0103 \u0219i termic\u0103 f\u0103r\u0103 CO2 \u0219i <strong>adaptat\u0103 la sarcina de baz\u0103<\/strong> , din surse regionale.[\/vc_column_text][\/vc_column][\/vc_row][vc_row type=&#8221;in_container&#8221; full_screen_row_position=&#8221;middle&#8221; column_margin=&#8221;default&#8221; column_direction=&#8221;default&#8221; column_direction_tablet=&#8221;default&#8221; column_direction_phone=&#8221;default&#8221; scene_position=&#8221;center&#8221; text_color=&#8221;dark&#8221; text_align=&#8221;left&#8221; row_border_radius=&#8221;none&#8221; row_border_radius_applies=&#8221;bg&#8221; overflow=&#8221;visible&#8221; overlay_strength=&#8221;0.3&#8243; gradient_direction=&#8221;left_to_right&#8221; shape_divider_position=&#8221;bottom&#8221; bg_image_animation=&#8221;none&#8221;][vc_column column_padding=&#8221;no-extra-padding&#8221; column_padding_tablet=&#8221;inherit&#8221; column_padding_phone=&#8221;inherit&#8221; column_padding_position=&#8221;all&#8221; column_element_spacing=&#8221;default&#8221; background_color_opacity=&#8221;1&#8243; background_hover_color_opacity=&#8221;1&#8243; column_shadow=&#8221;none&#8221; column_border_radius=&#8221;none&#8221; column_link_target=&#8221;_self&#8221; column_position=&#8221;default&#8221; gradient_direction=&#8221;left_to_right&#8221; overlay_strength=&#8221;0.3&#8243; width=&#8221;1\/1&#8243; tablet_width_inherit=&#8221;default&#8221; tablet_text_alignment=&#8221;default&#8221; phone_text_alignment=&#8221;default&#8221; animation_type=&#8221;default&#8221; bg_image_animation=&#8221;none&#8221; border_type=&#8221;simple&#8221; column_border_width=&#8221;none&#8221; column_border_style=&#8221;solid&#8221;][vc_column_text]<strong>Green Heat Module<\/strong><\/p>\n<p>O problem\u0103 complex\u0103 \u00een industrie este aprovizionarea cu energie electric\u0103 \u0219i termic\u0103 f\u0103r\u0103 CO2 \u0219i adaptat\u0103 la sarcina de baz\u0103, din surse regenerabile de energie regionale. Kraftanlagen Energies &amp; Services \u00een calitate de antreprenor general rezolv\u0103 aceast\u0103 problem\u0103 prin noul s\u0103u produs, Green Heat Module (GHM). Pentru a decarboniza un num\u0103r \u0219i mai mare de procese industriale, Kraftanlagen Energies &amp; Services, \u00eempreun\u0103 cu Institutul Solar din J\u00fclich al Universit\u0103\u021bii de \u0218tiin\u021be Aplicate din Aachen (SIJ) \u0219i cu partenerii Otto Junker \u0219i D\u00fcrr Systems, a dezvoltat \u00een cadrul proiectului multiTESS un a\u0219a-numit acumulator de c\u0103ldur\u0103 Power-to-Heat care func\u021bioneaz\u0103 la un nivel de temperatur\u0103 de 1000 de grade. Acest lucru permite stocarea energiei sub form\u0103 de c\u0103ldur\u0103 la temperaturi ridicate (\u201e\u00eenc\u0103rcare\u201d) , iar la nevoie, aceast\u0103 c\u0103ldur\u0103 poate fi transformat\u0103 \u00eenapoi \u00een energie electric\u0103 (\u201edesc\u0103rcare\u201d). \u00cen plus, pot fi incluse \u0219i surse externe de c\u0103ldur\u0103 \u2013 cum ar fi c\u0103ldura rezidual\u0103 din procesele industriale. De asemenea, se poate concepe utilizarea c\u0103ldurii stocate nu numai pentru producerea de energie electric\u0103, ci \u0219i pentru alimentarea re\u021belelor publice de termoficare sau pentru furnizarea c\u0103ldurii de proces pentru industrie (\u00een special industria grea). Pentru a face acest lucru posibil, \u00een J\u00fclich a fost deschis\u0103 o instala\u021bie de testare.<\/p>\n<p>\u00cen cadrul ceremoniei de deschidere, Oliver Krischer, ministrul mediului \u0219i al transporturilor din landul Renania de Nord-Westfalia, a declarat c\u0103 tehnologia multiTESS ar putea deveni un model pentru multe zone de locuit, precum \u0219i pentru zonele comerciale \u0219i industriale. Aprovizionarea cu energie \u00een viitor trebuie s\u0103 se bazeze pe energii regenerabile. Jeannette Lemmes (Ministerul Federal al Economiei \u0219i Protec\u021biei Climei) a afirmat c\u0103 obiectivul comun trebuie s\u0103 fie asigurarea securit\u0103\u021bii aprovizion\u0103rii, a prosperit\u0103\u021bii \u0219i a protec\u021biei climei.[\/vc_column_text][\/vc_column][\/vc_row][vc_row type=&#8221;in_container&#8221; full_screen_row_position=&#8221;middle&#8221; column_margin=&#8221;default&#8221; column_direction=&#8221;default&#8221; column_direction_tablet=&#8221;default&#8221; column_direction_phone=&#8221;default&#8221; scene_position=&#8221;center&#8221; text_color=&#8221;dark&#8221; text_align=&#8221;left&#8221; row_border_radius=&#8221;none&#8221; row_border_radius_applies=&#8221;bg&#8221; overflow=&#8221;visible&#8221; overlay_strength=&#8221;0.3&#8243; gradient_direction=&#8221;left_to_right&#8221; shape_divider_position=&#8221;bottom&#8221; bg_image_animation=&#8221;none&#8221;][vc_column column_padding=&#8221;no-extra-padding&#8221; column_padding_tablet=&#8221;inherit&#8221; column_padding_phone=&#8221;inherit&#8221; column_padding_position=&#8221;all&#8221; column_element_spacing=&#8221;default&#8221; background_color_opacity=&#8221;1&#8243; background_hover_color_opacity=&#8221;1&#8243; column_shadow=&#8221;none&#8221; column_border_radius=&#8221;none&#8221; column_link_target=&#8221;_self&#8221; column_position=&#8221;default&#8221; gradient_direction=&#8221;left_to_right&#8221; overlay_strength=&#8221;0.3&#8243; width=&#8221;1\/1&#8243; tablet_width_inherit=&#8221;default&#8221; tablet_text_alignment=&#8221;default&#8221; phone_text_alignment=&#8221;default&#8221; animation_type=&#8221;default&#8221; bg_image_animation=&#8221;none&#8221; border_type=&#8221;simple&#8221; column_border_width=&#8221;none&#8221; column_border_style=&#8221;solid&#8221;][image_with_animation image_url=&#8221;8177&#8243; image_size=&#8221;full&#8221; animation_type=&#8221;entrance&#8221; animation=&#8221;None&#8221; hover_animation=&#8221;none&#8221; alignment=&#8221;&#8221; border_radius=&#8221;20px&#8221; box_shadow=&#8221;none&#8221; image_loading=&#8221;default&#8221; max_width=&#8221;100%&#8221; max_width_mobile=&#8221;default&#8221;][\/vc_column][\/vc_row][vc_row type=&#8221;in_container&#8221; full_screen_row_position=&#8221;middle&#8221; column_margin=&#8221;default&#8221; column_direction=&#8221;default&#8221; column_direction_tablet=&#8221;default&#8221; column_direction_phone=&#8221;default&#8221; scene_position=&#8221;center&#8221; text_color=&#8221;dark&#8221; text_align=&#8221;left&#8221; row_border_radius=&#8221;none&#8221; row_border_radius_applies=&#8221;bg&#8221; overflow=&#8221;visible&#8221; overlay_strength=&#8221;0.3&#8243; gradient_direction=&#8221;left_to_right&#8221; shape_divider_position=&#8221;bottom&#8221; bg_image_animation=&#8221;none&#8221;][vc_column column_padding=&#8221;no-extra-padding&#8221; column_padding_tablet=&#8221;inherit&#8221; column_padding_phone=&#8221;inherit&#8221; column_padding_position=&#8221;all&#8221; column_element_spacing=&#8221;default&#8221; background_color_opacity=&#8221;1&#8243; background_hover_color_opacity=&#8221;1&#8243; column_shadow=&#8221;none&#8221; column_border_radius=&#8221;none&#8221; column_link_target=&#8221;_self&#8221; column_position=&#8221;default&#8221; gradient_direction=&#8221;left_to_right&#8221; overlay_strength=&#8221;0.3&#8243; width=&#8221;1\/1&#8243; tablet_width_inherit=&#8221;default&#8221; tablet_text_alignment=&#8221;default&#8221; phone_text_alignment=&#8221;default&#8221; animation_type=&#8221;default&#8221; bg_image_animation=&#8221;none&#8221; border_type=&#8221;simple&#8221; column_border_width=&#8221;none&#8221; column_border_style=&#8221;solid&#8221;][vc_row_inner column_margin=&#8221;default&#8221; column_direction=&#8221;default&#8221; column_direction_tablet=&#8221;default&#8221; column_direction_phone=&#8221;default&#8221; text_align=&#8221;left&#8221; row_position=&#8221;default&#8221; row_position_tablet=&#8221;inherit&#8221; row_position_phone=&#8221;inherit&#8221; overflow=&#8221;visible&#8221; pointer_events=&#8221;all&#8221;][vc_column_inner column_padding=&#8221;no-extra-padding&#8221; column_padding_tablet=&#8221;inherit&#8221; column_padding_phone=&#8221;inherit&#8221; column_padding_position=&#8221;all&#8221; column_element_spacing=&#8221;default&#8221; background_color_opacity=&#8221;1&#8243; background_hover_color_opacity=&#8221;1&#8243; column_shadow=&#8221;none&#8221; column_border_radius=&#8221;none&#8221; column_link_target=&#8221;_self&#8221; gradient_direction=&#8221;left_to_right&#8221; overlay_strength=&#8221;0.3&#8243; width=&#8221;1\/2&#8243; tablet_width_inherit=&#8221;default&#8221; animation_type=&#8221;default&#8221; bg_image_animation=&#8221;none&#8221; border_type=&#8221;simple&#8221; column_border_width=&#8221;none&#8221; column_border_style=&#8221;solid&#8221;]<div class=\"iwithtext\"><div class=\"iwt-icon\"> <i class=\"icon-default-style fa fa-envelope-o extra-color-1\"><\/i> <\/div><div class=\"iwt-text\"> <strong><a href=\"mailto:Johannes.Schruefer@kraftanlagen.com\">Johannes.Schruefer@kraftanlagen.com<\/a><\/strong> <\/div><div class=\"clear\"><\/div><\/div>[\/vc_column_inner][vc_column_inner column_padding=&#8221;no-extra-padding&#8221; column_padding_tablet=&#8221;inherit&#8221; column_padding_phone=&#8221;inherit&#8221; column_padding_position=&#8221;all&#8221; column_element_spacing=&#8221;default&#8221; background_color_opacity=&#8221;1&#8243; background_hover_color_opacity=&#8221;1&#8243; column_shadow=&#8221;none&#8221; column_border_radius=&#8221;none&#8221; column_link_target=&#8221;_self&#8221; gradient_direction=&#8221;left_to_right&#8221; overlay_strength=&#8221;0.3&#8243; width=&#8221;1\/2&#8243; tablet_width_inherit=&#8221;default&#8221; animation_type=&#8221;default&#8221; bg_image_animation=&#8221;none&#8221; border_type=&#8221;simple&#8221; column_border_width=&#8221;none&#8221; column_border_style=&#8221;solid&#8221;]<div class=\"iwithtext\"><div class=\"iwt-icon\"> <i class=\"icon-default-style fa fa-phone extra-color-1\"><\/i> <\/div><div class=\"iwt-text\"> <strong>+49 176 6249 9499<\/strong> <\/div><div class=\"clear\"><\/div><\/div>[\/vc_column_inner][\/vc_row_inner][\/vc_column][\/vc_row][vc_row type=&#8221;in_container&#8221; full_screen_row_position=&#8221;middle&#8221; column_margin=&#8221;default&#8221; column_direction=&#8221;default&#8221; column_direction_tablet=&#8221;default&#8221; column_direction_phone=&#8221;default&#8221; scene_position=&#8221;center&#8221; text_color=&#8221;dark&#8221; text_align=&#8221;left&#8221; row_border_radius=&#8221;none&#8221; row_border_radius_applies=&#8221;bg&#8221; overflow=&#8221;visible&#8221; overlay_strength=&#8221;0.3&#8243; gradient_direction=&#8221;left_to_right&#8221; shape_divider_position=&#8221;bottom&#8221; bg_image_animation=&#8221;none&#8221;][vc_column column_padding=&#8221;no-extra-padding&#8221; column_padding_tablet=&#8221;inherit&#8221; column_padding_phone=&#8221;inherit&#8221; column_padding_position=&#8221;all&#8221; column_element_spacing=&#8221;default&#8221; background_color_opacity=&#8221;1&#8243; background_hover_color_opacity=&#8221;1&#8243; column_shadow=&#8221;none&#8221; column_border_radius=&#8221;none&#8221; column_link_target=&#8221;_self&#8221; column_position=&#8221;default&#8221; gradient_direction=&#8221;left_to_right&#8221; overlay_strength=&#8221;0.3&#8243; width=&#8221;1\/1&#8243; tablet_width_inherit=&#8221;default&#8221; tablet_text_alignment=&#8221;default&#8221; phone_text_alignment=&#8221;default&#8221; animation_type=&#8221;default&#8221; bg_image_animation=&#8221;none&#8221; border_type=&#8221;simple&#8221; column_border_width=&#8221;none&#8221; column_border_style=&#8221;solid&#8221;][vc_column_text]Elementul central al instala\u021biei din Brainergy Park J\u00fclich este o prelungire a co\u0219ului de fum de \u0219ase metri \u00een\u0103l\u021bime, vopsit\u0103 \u00een albastru str\u0103lucitor. \u00cen interior, exist\u0103 mai multe straturi din pl\u0103ci ceramice \u00een form\u0103 de fagure, care au canale de ventila\u021bie verticale. Aerul trece prin aceste pietre \u2013 \u00een timpul \u00eenc\u0103rc\u0103rii, aerul fierbinte la 1000 de grade este introdus de sus, \u00een timp ce coboar\u0103 eliber\u00e2ndu-\u0219i energia c\u0103tre pietre. La desc\u0103rcare, aerul mai rece este introdus de jos \u0219i merge \u00een sus, absorbind energia termic\u0103. Cl\u0103direa propriu-zis\u0103 g\u0103zduie\u0219te sistemul de \u00eenc\u0103lzire electric\u0103, care \u00eenc\u0103lze\u0219te aerul p\u00e2n\u0103 la 1.000 de grade, \u0219i turbine pentru generarea de energie electric\u0103.[\/vc_column_text][\/vc_column][\/vc_row][vc_row type=&#8221;in_container&#8221; full_screen_row_position=&#8221;middle&#8221; column_margin=&#8221;default&#8221; column_direction=&#8221;default&#8221; column_direction_tablet=&#8221;default&#8221; column_direction_phone=&#8221;default&#8221; scene_position=&#8221;center&#8221; text_color=&#8221;dark&#8221; text_align=&#8221;left&#8221; row_border_radius=&#8221;none&#8221; row_border_radius_applies=&#8221;bg&#8221; overflow=&#8221;visible&#8221; overlay_strength=&#8221;0.3&#8243; gradient_direction=&#8221;left_to_right&#8221; shape_divider_position=&#8221;bottom&#8221; bg_image_animation=&#8221;none&#8221;][vc_column column_padding=&#8221;no-extra-padding&#8221; column_padding_tablet=&#8221;inherit&#8221; column_padding_phone=&#8221;inherit&#8221; column_padding_position=&#8221;all&#8221; column_element_spacing=&#8221;default&#8221; background_color_opacity=&#8221;1&#8243; background_hover_color_opacity=&#8221;1&#8243; column_shadow=&#8221;none&#8221; column_border_radius=&#8221;none&#8221; column_link_target=&#8221;_self&#8221; column_position=&#8221;default&#8221; gradient_direction=&#8221;left_to_right&#8221; overlay_strength=&#8221;0.3&#8243; width=&#8221;1\/1&#8243; tablet_width_inherit=&#8221;default&#8221; tablet_text_alignment=&#8221;default&#8221; phone_text_alignment=&#8221;default&#8221; animation_type=&#8221;default&#8221; bg_image_animation=&#8221;none&#8221; border_type=&#8221;simple&#8221; column_border_width=&#8221;none&#8221; column_border_style=&#8221;solid&#8221;][vc_column_text]<strong>Alimentarea f\u0103r\u0103 CO2 adaptat\u0103 la sarcina de baz\u0103<\/strong><\/p>\n<p>Intervalul de temperatur\u0103 de deasupra pompelor de c\u0103ldur\u0103 \u2013 adic\u0103 \u00eentre 150 \u0219i 1000 de grade \u2013 reprezint\u0103 at\u00e2t din punct de vedere tehnic, c\u00e2t \u0219i economic, o problem\u0103 major\u0103 pentru alimentarea f\u0103r\u0103 CO2 adaptat\u0103 la sarcina de baz\u0103. Tocmai aceast\u0103 problem\u0103 este abordat\u0103 cu succes pentru prima dat\u0103 la 1000 de grade \u00een cadrul proiectului multiTESS. Aceasta este, de asemenea, prima dat\u0103 c\u00e2nd un \u00eenc\u0103lzitor electric de \u00eenalt\u0103 performan\u021b\u0103 este utilizat \u00eempreun\u0103 cu un acumulator termic de \u00eenalt\u0103 temperatur\u0103 \u0219i are loc utilizarea c\u0103ldurii ca sistem complet la o temperatur\u0103 nominal\u0103 de 1000 de grade. Procedeul cupleaz\u0103 sectorul energiei electrice cu cel al energiei termice. \u00cen acest context, acumulatorul de c\u0103ldur\u0103 Power-to-Heat permite utilizarea energiilor regenerabile ieftine, dar volatile, pentru o energie termic\u0103 obligatoriu adaptat\u0103 cererii, precum \u0219i pentru alimentarea cu energie electric\u0103 \u00een cogenerare. Datorit\u0103 eficien\u021bei lor foarte ridicate, sistemele multiTESS, \u00een str\u00e2ns\u0103 leg\u0103tur\u0103 cu energiile regenerabile, pot avea o contribu\u021bie important\u0103 la securitatea aprovizion\u0103rii \u0219i la decarbonizare.<\/p>\n<p>Datorit\u0103 utiliz\u0103rii componentelor standard existente, care sunt folosite \u00een industrie deja de decenii, sistemele multiTESS pot fi deja utilizate \u00een industrie la temperaturi mai sc\u0103zute, de aproximativ 750 de grade, de exemplu pentru aprovizionarea f\u0103r\u0103 CO2 cu c\u0103ldur\u0103 de proces. Cu integrarea paralel\u0103 cu generatoarele de c\u0103ldur\u0103 existente, capacit\u0103\u021bile de stocare de aproximativ 1 GWhth \u0219i capacit\u0103\u021bi de desc\u0103rcare termic\u0103 de la 1 la 200 MWth sunt deja fezabile. \u00cen viitor, procesele vor fi operate \u0219i la temperaturi mai ridicate.<\/p>\n<p>La proiectarea \u0219i construc\u021bia instala\u021biei, economia \u0219i \u0219tiin\u021ba au lucrat m\u00e2n\u0103 \u00een m\u00e2n\u0103. Sistemul de \u00eenc\u0103lzire de \u00eenalt\u0103 temperatur\u0103 a fost proiectat \u0219i construit de Otto Junker GmbH, D\u00fcrr Systems AG a construit acumulatorul ceramic de c\u0103ldur\u0103 \u0219i o instala\u021bie ORC, iar <strong>Kraftanlagen Energies und Services GmbH<\/strong> este responsabil\u0103 pentru planificarea general\u0103.<\/p>\n<p><strong>Alfons Weber (CEO Kraftanlagen Energies &amp; Services)<\/strong> sintetizeaz\u0103: \u201eNe afl\u0103m \u00een pragul unui punct de cotitur\u0103 istoric \u00een ceea ce prive\u0219te aprovizionarea cu energie termic\u0103 \u00een sectorul industrial: din ce \u00een ce mai frecvent, producerea de energie electric\u0103 din surse regenerabile de energie este mai ieftin\u0103 dec\u00e2t cea din combustibili fosili, cum ar fi c\u0103rbunele, petrolul \u0219i gazele naturale. Produsul nostru Green Heat Module se folose\u0219te de aceast\u0103 schimbare a regulilor jocului. El produce \u0219i stocheaz\u0103 c\u0103ldura de proces \u00een beneficiul re\u021belei, \u0219i anume \u00eentotdeauna atunci c\u00e2nd sunt disponibile surse regenerabile de energie la pre\u021buri avantajoase, permi\u021b\u00e2nd astfel alimentarea f\u0103r\u0103 CO2 adaptat\u0103 la sarcina de baz\u0103. GHM prezint\u0103 un poten\u021bial ridicat de reducere a combustibililor fosili \u0219i, prin urmare, de reducere a dependen\u021bei de importuri \u0219i a emisiilor d\u0103un\u0103toare pentru clim\u0103, deoarece acum este disponibil \u0219i poate fi adaptat pentru capacit\u0103\u021bi de stocare de gigawa\u021bi or\u0103.\u201d[\/vc_column_text][\/vc_column][\/vc_row][vc_row type=&#8221;in_container&#8221; full_screen_row_position=&#8221;middle&#8221; column_margin=&#8221;default&#8221; column_direction=&#8221;default&#8221; column_direction_tablet=&#8221;default&#8221; column_direction_phone=&#8221;default&#8221; scene_position=&#8221;center&#8221; text_color=&#8221;dark&#8221; text_align=&#8221;left&#8221; row_border_radius=&#8221;none&#8221; row_border_radius_applies=&#8221;bg&#8221; overflow=&#8221;visible&#8221; overlay_strength=&#8221;0.3&#8243; gradient_direction=&#8221;left_to_right&#8221; shape_divider_position=&#8221;bottom&#8221; bg_image_animation=&#8221;none&#8221;][vc_column column_padding=&#8221;no-extra-padding&#8221; column_padding_tablet=&#8221;inherit&#8221; column_padding_phone=&#8221;inherit&#8221; column_padding_position=&#8221;all&#8221; column_element_spacing=&#8221;default&#8221; background_color_opacity=&#8221;1&#8243; background_hover_color_opacity=&#8221;1&#8243; column_shadow=&#8221;none&#8221; column_border_radius=&#8221;none&#8221; column_link_target=&#8221;_self&#8221; column_position=&#8221;default&#8221; gradient_direction=&#8221;left_to_right&#8221; overlay_strength=&#8221;0.3&#8243; width=&#8221;1\/1&#8243; tablet_width_inherit=&#8221;default&#8221; tablet_text_alignment=&#8221;default&#8221; phone_text_alignment=&#8221;default&#8221; animation_type=&#8221;default&#8221; bg_image_animation=&#8221;none&#8221; border_type=&#8221;simple&#8221; column_border_width=&#8221;none&#8221; column_border_style=&#8221;solid&#8221;][image_with_animation image_url=&#8221;8179&#8243; image_size=&#8221;full&#8221; animation_type=&#8221;entrance&#8221; animation=&#8221;None&#8221; hover_animation=&#8221;none&#8221; alignment=&#8221;&#8221; border_radius=&#8221;20px&#8221; box_shadow=&#8221;none&#8221; image_loading=&#8221;default&#8221; max_width=&#8221;100%&#8221; max_width_mobile=&#8221;default&#8221;][vc_custom_heading text=&#8221;La inaugurarea simbolic\u0103 a instala\u021biei multiTess din J\u00fclich: (de la st\u00e2nga la dreapta) Markus Dertinger (Global Customer Director D\u00dcRR GmbH), Alfons Weber (CEO Kraftanlagen Energies &amp; Services), Rainer Kiechl (CFO Otto Junker GmbH), Jeannette Lemmes (consilier la Ministerul Federal al Economiei \u0219i Protec\u021biei Climei), Oliver Krischer (ministrul mediului \u0219i al transporturilor din landul Renania de Nord-Westfalia), prof. dr.-ing. Ulf Herrmann (director al Institutului Solar J\u00fclich), prof. dr. Thomas Ritz (prorector pentru cercetare, inovare \u0219i transfer la Universitatea de \u0218tiin\u021be Aplicate din Aachen), Ulf Kamburg (director general al Stadtwerke J\u00fclich) (Imagine: FH Aachen\/Arnd Gottschalk)&#8221; font_container=&#8221;tag:p|font_size:14|text_align:left|line_height:1.1&#8243; use_theme_fonts=&#8221;yes&#8221;][\/vc_column][\/vc_row][vc_row type=&#8221;in_container&#8221; full_screen_row_position=&#8221;middle&#8221; column_margin=&#8221;default&#8221; column_direction=&#8221;default&#8221; column_direction_tablet=&#8221;default&#8221; column_direction_phone=&#8221;default&#8221; scene_position=&#8221;center&#8221; text_color=&#8221;dark&#8221; text_align=&#8221;left&#8221; row_border_radius=&#8221;none&#8221; row_border_radius_applies=&#8221;bg&#8221; overflow=&#8221;visible&#8221; overlay_strength=&#8221;0.3&#8243; gradient_direction=&#8221;left_to_right&#8221; shape_divider_position=&#8221;bottom&#8221; bg_image_animation=&#8221;none&#8221;][vc_column column_padding=&#8221;no-extra-padding&#8221; column_padding_tablet=&#8221;inherit&#8221; column_padding_phone=&#8221;inherit&#8221; column_padding_position=&#8221;all&#8221; column_element_spacing=&#8221;default&#8221; background_color_opacity=&#8221;1&#8243; background_hover_color_opacity=&#8221;1&#8243; column_shadow=&#8221;none&#8221; column_border_radius=&#8221;none&#8221; column_link_target=&#8221;_self&#8221; column_position=&#8221;default&#8221; gradient_direction=&#8221;left_to_right&#8221; overlay_strength=&#8221;0.3&#8243; width=&#8221;1\/1&#8243; tablet_width_inherit=&#8221;default&#8221; tablet_text_alignment=&#8221;default&#8221; phone_text_alignment=&#8221;default&#8221; animation_type=&#8221;default&#8221; bg_image_animation=&#8221;none&#8221; border_type=&#8221;simple&#8221; column_border_width=&#8221;none&#8221; column_border_style=&#8221;solid&#8221;][image_with_animation image_url=&#8221;9012&#8243; image_size=&#8221;full&#8221; animation_type=&#8221;entrance&#8221; animation=&#8221;None&#8221; hover_animation=&#8221;none&#8221; alignment=&#8221;&#8221; border_radius=&#8221;20px&#8221; box_shadow=&#8221;none&#8221; image_loading=&#8221;default&#8221; max_width=&#8221;100%&#8221; max_width_mobile=&#8221;default&#8221;][vc_custom_heading text=&#8221;Schema unui Green Heat Module (Kraftanlagen Energies &amp; Services GmbH)&#8221; font_container=&#8221;tag:p|font_size:14|text_align:left|line_height:1.1&#8243; use_theme_fonts=&#8221;yes&#8221;][\/vc_column][\/vc_row]\n","protected":false},"excerpt":{"rendered":"<p>[vc_row type=&#8221;in_container&#8221; full_screen_row_position=&#8221;middle&#8221; column_margin=&#8221;default&#8221; column_direction=&#8221;default&#8221; column_direction_tablet=&#8221;default&#8221; column_direction_phone=&#8221;default&#8221; scene_position=&#8221;center&#8221; text_color=&#8221;dark&#8221; text_align=&#8221;left&#8221; row_border_radius=&#8221;none&#8221; row_border_radius_applies=&#8221;bg&#8221; overflow=&#8221;visible&#8221; overlay_strength=&#8221;0.3&#8243; gradient_direction=&#8221;left_to_right&#8221; shape_divider_position=&#8221;bottom&#8221; bg_image_animation=&#8221;none&#8221;][vc_column column_padding=&#8221;no-extra-padding&#8221; column_padding_tablet=&#8221;inherit&#8221; column_padding_phone=&#8221;inherit&#8221; column_padding_position=&#8221;all&#8221; column_element_spacing=&#8221;default&#8221; background_color_opacity=&#8221;1&#8243; background_hover_color_opacity=&#8221;1&#8243; column_shadow=&#8221;none&#8221; column_border_radius=&#8221;none&#8221; column_link_target=&#8221;_self&#8221; column_position=&#8221;default&#8221; gradient_direction=&#8221;left_to_right&#8221; overlay_strength=&#8221;0.3&#8243;&#8230;<\/p>\n","protected":false},"author":17,"featured_media":8835,"comment_status":"closed","ping_status":"open","sticky":false,"template":"","format":"standard","meta":{"_acf_changed":false,"inline_featured_image":false,"footnotes":""},"categories":[78],"tags":[85,84,86],"class_list":{"0":"post-8997","1":"post","2":"type-post","3":"status-publish","4":"format-standard","5":"has-post-thumbnail","7":"category-comunicate-de-presa","8":"tag-ghm-schema-ro","9":"tag-green-heat-module-ro","10":"tag-multitess-ro"},"yoast_head":"<!-- This site is optimized with the Yoast SEO plugin v27.5 - https:\/\/yoast.com\/product\/yoast-seo-wordpress\/ -->\n<title>Element central al tranzi\u021biei energetice: \u201emultiTESS\u201d a fost inaugurat - Kraftanlagen Energies &amp; Services SE<\/title>\n<meta name=\"robots\" content=\"index, follow, max-snippet:-1, max-image-preview:large, max-video-preview:-1\" \/>\n<link rel=\"canonical\" href=\"https:\/\/www.kraftanlagen.com\/ro\/element-central-al-tranzitiei-energetice-multitess-a-fost-inaugurat\/\" \/>\n<meta property=\"og:locale\" content=\"ro_RO\" \/>\n<meta property=\"og:type\" content=\"article\" \/>\n<meta property=\"og:title\" content=\"Element central al tranzi\u021biei energetice: \u201emultiTESS\u201d a fost inaugurat - Kraftanlagen Energies &amp; Services SE\" \/>\n<meta property=\"og:description\" content=\"[vc_row type=&#8221;in_container&#8221; full_screen_row_position=&#8221;middle&#8221; column_margin=&#8221;default&#8221; column_direction=&#8221;default&#8221; column_direction_tablet=&#8221;default&#8221; column_direction_phone=&#8221;default&#8221; scene_position=&#8221;center&#8221; text_color=&#8221;dark&#8221; text_align=&#8221;left&#8221; row_border_radius=&#8221;none&#8221; row_border_radius_applies=&#8221;bg&#8221; overflow=&#8221;visible&#8221; overlay_strength=&#8221;0.3&#8243; gradient_direction=&#8221;left_to_right&#8221; shape_divider_position=&#8221;bottom&#8221; bg_image_animation=&#8221;none&#8221;][vc_column column_padding=&#8221;no-extra-padding&#8221; column_padding_tablet=&#8221;inherit&#8221; column_padding_phone=&#8221;inherit&#8221; column_padding_position=&#8221;all&#8221; column_element_spacing=&#8221;default&#8221; background_color_opacity=&#8221;1&#8243; background_hover_color_opacity=&#8221;1&#8243; column_shadow=&#8221;none&#8221; column_border_radius=&#8221;none&#8221; column_link_target=&#8221;_self&#8221; column_position=&#8221;default&#8221; gradient_direction=&#8221;left_to_right&#8221; overlay_strength=&#8221;0.3&#8243;...\" \/>\n<meta property=\"og:url\" content=\"https:\/\/www.kraftanlagen.com\/ro\/element-central-al-tranzitiei-energetice-multitess-a-fost-inaugurat\/\" \/>\n<meta property=\"og:site_name\" content=\"Kraftanlagen Energies &amp; Services SE\" \/>\n<meta property=\"article:published_time\" content=\"2022-09-23T16:16:39+00:00\" \/>\n<meta property=\"article:modified_time\" content=\"2024-03-25T11:13:14+00:00\" \/>\n<meta property=\"og:image\" content=\"https:\/\/www.kraftanlagen.com\/wp-content\/uploads\/2023\/03\/multiTESS.webp\" \/>\n\t<meta property=\"og:image:width\" content=\"1200\" \/>\n\t<meta property=\"og:image:height\" content=\"801\" \/>\n\t<meta property=\"og:image:type\" content=\"image\/webp\" \/>\n<meta name=\"author\" content=\"Emanuela Delnilo\" \/>\n<meta name=\"twitter:card\" content=\"summary_large_image\" \/>\n<meta name=\"twitter:label1\" content=\"Scris de\" \/>\n\t<meta name=\"twitter:data1\" content=\"Emanuela Delnilo\" \/>\n\t<meta name=\"twitter:label2\" content=\"Timp estimat pentru citire\" \/>\n\t<meta name=\"twitter:data2\" content=\"15 minute\" \/>\n<script type=\"application\/ld+json\" class=\"yoast-schema-graph\">{\"@context\":\"https:\\\/\\\/schema.org\",\"@graph\":[{\"@type\":\"Article\",\"@id\":\"https:\\\/\\\/www.kraftanlagen.com\\\/ro\\\/element-central-al-tranzitiei-energetice-multitess-a-fost-inaugurat\\\/#article\",\"isPartOf\":{\"@id\":\"https:\\\/\\\/www.kraftanlagen.com\\\/ro\\\/element-central-al-tranzitiei-energetice-multitess-a-fost-inaugurat\\\/\"},\"author\":{\"name\":\"Emanuela Delnilo\",\"@id\":\"https:\\\/\\\/www.kraftanlagen.com\\\/ro\\\/#\\\/schema\\\/person\\\/6b44eba998048a5f10d24518ffbf52e3\"},\"headline\":\"Element central al tranzi\u021biei energetice: \u201emultiTESS\u201d a fost inaugurat\",\"datePublished\":\"2022-09-23T16:16:39+00:00\",\"dateModified\":\"2024-03-25T11:13:14+00:00\",\"mainEntityOfPage\":{\"@id\":\"https:\\\/\\\/www.kraftanlagen.com\\\/ro\\\/element-central-al-tranzitiei-energetice-multitess-a-fost-inaugurat\\\/\"},\"wordCount\":3016,\"publisher\":{\"@id\":\"https:\\\/\\\/www.kraftanlagen.com\\\/ro\\\/#organization\"},\"image\":{\"@id\":\"https:\\\/\\\/www.kraftanlagen.com\\\/ro\\\/element-central-al-tranzitiei-energetice-multitess-a-fost-inaugurat\\\/#primaryimage\"},\"thumbnailUrl\":\"https:\\\/\\\/www.kraftanlagen.com\\\/wp-content\\\/uploads\\\/2023\\\/03\\\/multiTESS.webp\",\"keywords\":[\"GHM schema\",\"Green Heat Module\",\"multiTESS\"],\"articleSection\":[\"Comunicate de pres\u0103\"],\"inLanguage\":\"ro-RO\"},{\"@type\":\"WebPage\",\"@id\":\"https:\\\/\\\/www.kraftanlagen.com\\\/ro\\\/element-central-al-tranzitiei-energetice-multitess-a-fost-inaugurat\\\/\",\"url\":\"https:\\\/\\\/www.kraftanlagen.com\\\/ro\\\/element-central-al-tranzitiei-energetice-multitess-a-fost-inaugurat\\\/\",\"name\":\"Element central al tranzi\u021biei energetice: \u201emultiTESS\u201d a fost inaugurat - Kraftanlagen Energies &amp; Services SE\",\"isPartOf\":{\"@id\":\"https:\\\/\\\/www.kraftanlagen.com\\\/ro\\\/#website\"},\"primaryImageOfPage\":{\"@id\":\"https:\\\/\\\/www.kraftanlagen.com\\\/ro\\\/element-central-al-tranzitiei-energetice-multitess-a-fost-inaugurat\\\/#primaryimage\"},\"image\":{\"@id\":\"https:\\\/\\\/www.kraftanlagen.com\\\/ro\\\/element-central-al-tranzitiei-energetice-multitess-a-fost-inaugurat\\\/#primaryimage\"},\"thumbnailUrl\":\"https:\\\/\\\/www.kraftanlagen.com\\\/wp-content\\\/uploads\\\/2023\\\/03\\\/multiTESS.webp\",\"datePublished\":\"2022-09-23T16:16:39+00:00\",\"dateModified\":\"2024-03-25T11:13:14+00:00\",\"breadcrumb\":{\"@id\":\"https:\\\/\\\/www.kraftanlagen.com\\\/ro\\\/element-central-al-tranzitiei-energetice-multitess-a-fost-inaugurat\\\/#breadcrumb\"},\"inLanguage\":\"ro-RO\",\"potentialAction\":[{\"@type\":\"ReadAction\",\"target\":[\"https:\\\/\\\/www.kraftanlagen.com\\\/ro\\\/element-central-al-tranzitiei-energetice-multitess-a-fost-inaugurat\\\/\"]}]},{\"@type\":\"ImageObject\",\"inLanguage\":\"ro-RO\",\"@id\":\"https:\\\/\\\/www.kraftanlagen.com\\\/ro\\\/element-central-al-tranzitiei-energetice-multitess-a-fost-inaugurat\\\/#primaryimage\",\"url\":\"https:\\\/\\\/www.kraftanlagen.com\\\/wp-content\\\/uploads\\\/2023\\\/03\\\/multiTESS.webp\",\"contentUrl\":\"https:\\\/\\\/www.kraftanlagen.com\\\/wp-content\\\/uploads\\\/2023\\\/03\\\/multiTESS.webp\",\"width\":1200,\"height\":801},{\"@type\":\"BreadcrumbList\",\"@id\":\"https:\\\/\\\/www.kraftanlagen.com\\\/ro\\\/element-central-al-tranzitiei-energetice-multitess-a-fost-inaugurat\\\/#breadcrumb\",\"itemListElement\":[{\"@type\":\"ListItem\",\"position\":1,\"name\":\"Home\",\"item\":\"https:\\\/\\\/www.kraftanlagen.com\\\/ro\\\/\"},{\"@type\":\"ListItem\",\"position\":2,\"name\":\"Element central al tranzi\u021biei energetice: \u201emultiTESS\u201d a fost inaugurat\"}]},{\"@type\":\"WebSite\",\"@id\":\"https:\\\/\\\/www.kraftanlagen.com\\\/ro\\\/#website\",\"url\":\"https:\\\/\\\/www.kraftanlagen.com\\\/ro\\\/\",\"name\":\"Kraftanlagen Energies & Services GmbH\",\"description\":\"Speciali\u0219tii dumneavoastr\u0103 \u00een domeniul Decarbonizare\",\"publisher\":{\"@id\":\"https:\\\/\\\/www.kraftanlagen.com\\\/ro\\\/#organization\"},\"alternateName\":\"Kraftanlagen\",\"potentialAction\":[{\"@type\":\"SearchAction\",\"target\":{\"@type\":\"EntryPoint\",\"urlTemplate\":\"https:\\\/\\\/www.kraftanlagen.com\\\/ro\\\/?s={search_term_string}\"},\"query-input\":{\"@type\":\"PropertyValueSpecification\",\"valueRequired\":true,\"valueName\":\"search_term_string\"}}],\"inLanguage\":\"ro-RO\"},{\"@type\":\"Organization\",\"@id\":\"https:\\\/\\\/www.kraftanlagen.com\\\/ro\\\/#organization\",\"name\":\"Kraftanlagen Energies & Services SE\",\"alternateName\":\"Kraftanlagen\",\"url\":\"https:\\\/\\\/www.kraftanlagen.com\\\/ro\\\/\",\"logo\":{\"@type\":\"ImageObject\",\"inLanguage\":\"ro-RO\",\"@id\":\"https:\\\/\\\/www.kraftanlagen.com\\\/ro\\\/#\\\/schema\\\/logo\\\/image\\\/\",\"url\":\"https:\\\/\\\/www.kraftanlagen.com\\\/wp-content\\\/uploads\\\/2022\\\/06\\\/Kraftanlagen-logo-color.svg\",\"contentUrl\":\"https:\\\/\\\/www.kraftanlagen.com\\\/wp-content\\\/uploads\\\/2022\\\/06\\\/Kraftanlagen-logo-color.svg\",\"width\":\"1024\",\"height\":\"1024\",\"caption\":\"Kraftanlagen Energies & Services SE\"},\"image\":{\"@id\":\"https:\\\/\\\/www.kraftanlagen.com\\\/ro\\\/#\\\/schema\\\/logo\\\/image\\\/\"},\"sameAs\":[\"https:\\\/\\\/www.linkedin.com\\\/company\\\/kraftanlagengruppe\",\"https:\\\/\\\/www.xing.com\\\/pages\\\/kraftanlagen-energies-services\",\"https:\\\/\\\/www.youtube.com\\\/user\\\/KAMMXK\"]},{\"@type\":\"Person\",\"@id\":\"https:\\\/\\\/www.kraftanlagen.com\\\/ro\\\/#\\\/schema\\\/person\\\/6b44eba998048a5f10d24518ffbf52e3\",\"name\":\"Emanuela Delnilo\",\"url\":\"https:\\\/\\\/www.kraftanlagen.com\\\/ro\\\/author\\\/emanuela-delnilom2bc-de\\\/\"}]}<\/script>\n<!-- \/ Yoast SEO plugin. -->","yoast_head_json":{"title":"Element central al tranzi\u021biei energetice: \u201emultiTESS\u201d a fost inaugurat - Kraftanlagen Energies &amp; Services SE","robots":{"index":"index","follow":"follow","max-snippet":"max-snippet:-1","max-image-preview":"max-image-preview:large","max-video-preview":"max-video-preview:-1"},"canonical":"https:\/\/www.kraftanlagen.com\/ro\/element-central-al-tranzitiei-energetice-multitess-a-fost-inaugurat\/","og_locale":"ro_RO","og_type":"article","og_title":"Element central al tranzi\u021biei energetice: \u201emultiTESS\u201d a fost inaugurat - Kraftanlagen Energies &amp; Services SE","og_description":"[vc_row type=&#8221;in_container&#8221; full_screen_row_position=&#8221;middle&#8221; column_margin=&#8221;default&#8221; column_direction=&#8221;default&#8221; column_direction_tablet=&#8221;default&#8221; column_direction_phone=&#8221;default&#8221; scene_position=&#8221;center&#8221; text_color=&#8221;dark&#8221; text_align=&#8221;left&#8221; row_border_radius=&#8221;none&#8221; row_border_radius_applies=&#8221;bg&#8221; overflow=&#8221;visible&#8221; overlay_strength=&#8221;0.3&#8243; gradient_direction=&#8221;left_to_right&#8221; shape_divider_position=&#8221;bottom&#8221; bg_image_animation=&#8221;none&#8221;][vc_column column_padding=&#8221;no-extra-padding&#8221; column_padding_tablet=&#8221;inherit&#8221; column_padding_phone=&#8221;inherit&#8221; column_padding_position=&#8221;all&#8221; column_element_spacing=&#8221;default&#8221; background_color_opacity=&#8221;1&#8243; background_hover_color_opacity=&#8221;1&#8243; column_shadow=&#8221;none&#8221; column_border_radius=&#8221;none&#8221; column_link_target=&#8221;_self&#8221; column_position=&#8221;default&#8221; gradient_direction=&#8221;left_to_right&#8221; overlay_strength=&#8221;0.3&#8243;...","og_url":"https:\/\/www.kraftanlagen.com\/ro\/element-central-al-tranzitiei-energetice-multitess-a-fost-inaugurat\/","og_site_name":"Kraftanlagen Energies &amp; Services SE","article_published_time":"2022-09-23T16:16:39+00:00","article_modified_time":"2024-03-25T11:13:14+00:00","og_image":[{"width":1200,"height":801,"url":"https:\/\/www.kraftanlagen.com\/wp-content\/uploads\/2023\/03\/multiTESS.webp","type":"image\/webp"}],"author":"Emanuela Delnilo","twitter_card":"summary_large_image","twitter_misc":{"Scris de":"Emanuela Delnilo","Timp estimat pentru citire":"15 minute"},"schema":{"@context":"https:\/\/schema.org","@graph":[{"@type":"Article","@id":"https:\/\/www.kraftanlagen.com\/ro\/element-central-al-tranzitiei-energetice-multitess-a-fost-inaugurat\/#article","isPartOf":{"@id":"https:\/\/www.kraftanlagen.com\/ro\/element-central-al-tranzitiei-energetice-multitess-a-fost-inaugurat\/"},"author":{"name":"Emanuela Delnilo","@id":"https:\/\/www.kraftanlagen.com\/ro\/#\/schema\/person\/6b44eba998048a5f10d24518ffbf52e3"},"headline":"Element central al tranzi\u021biei energetice: \u201emultiTESS\u201d a fost inaugurat","datePublished":"2022-09-23T16:16:39+00:00","dateModified":"2024-03-25T11:13:14+00:00","mainEntityOfPage":{"@id":"https:\/\/www.kraftanlagen.com\/ro\/element-central-al-tranzitiei-energetice-multitess-a-fost-inaugurat\/"},"wordCount":3016,"publisher":{"@id":"https:\/\/www.kraftanlagen.com\/ro\/#organization"},"image":{"@id":"https:\/\/www.kraftanlagen.com\/ro\/element-central-al-tranzitiei-energetice-multitess-a-fost-inaugurat\/#primaryimage"},"thumbnailUrl":"https:\/\/www.kraftanlagen.com\/wp-content\/uploads\/2023\/03\/multiTESS.webp","keywords":["GHM schema","Green Heat Module","multiTESS"],"articleSection":["Comunicate de pres\u0103"],"inLanguage":"ro-RO"},{"@type":"WebPage","@id":"https:\/\/www.kraftanlagen.com\/ro\/element-central-al-tranzitiei-energetice-multitess-a-fost-inaugurat\/","url":"https:\/\/www.kraftanlagen.com\/ro\/element-central-al-tranzitiei-energetice-multitess-a-fost-inaugurat\/","name":"Element central al tranzi\u021biei energetice: \u201emultiTESS\u201d a fost inaugurat - Kraftanlagen Energies &amp; Services SE","isPartOf":{"@id":"https:\/\/www.kraftanlagen.com\/ro\/#website"},"primaryImageOfPage":{"@id":"https:\/\/www.kraftanlagen.com\/ro\/element-central-al-tranzitiei-energetice-multitess-a-fost-inaugurat\/#primaryimage"},"image":{"@id":"https:\/\/www.kraftanlagen.com\/ro\/element-central-al-tranzitiei-energetice-multitess-a-fost-inaugurat\/#primaryimage"},"thumbnailUrl":"https:\/\/www.kraftanlagen.com\/wp-content\/uploads\/2023\/03\/multiTESS.webp","datePublished":"2022-09-23T16:16:39+00:00","dateModified":"2024-03-25T11:13:14+00:00","breadcrumb":{"@id":"https:\/\/www.kraftanlagen.com\/ro\/element-central-al-tranzitiei-energetice-multitess-a-fost-inaugurat\/#breadcrumb"},"inLanguage":"ro-RO","potentialAction":[{"@type":"ReadAction","target":["https:\/\/www.kraftanlagen.com\/ro\/element-central-al-tranzitiei-energetice-multitess-a-fost-inaugurat\/"]}]},{"@type":"ImageObject","inLanguage":"ro-RO","@id":"https:\/\/www.kraftanlagen.com\/ro\/element-central-al-tranzitiei-energetice-multitess-a-fost-inaugurat\/#primaryimage","url":"https:\/\/www.kraftanlagen.com\/wp-content\/uploads\/2023\/03\/multiTESS.webp","contentUrl":"https:\/\/www.kraftanlagen.com\/wp-content\/uploads\/2023\/03\/multiTESS.webp","width":1200,"height":801},{"@type":"BreadcrumbList","@id":"https:\/\/www.kraftanlagen.com\/ro\/element-central-al-tranzitiei-energetice-multitess-a-fost-inaugurat\/#breadcrumb","itemListElement":[{"@type":"ListItem","position":1,"name":"Home","item":"https:\/\/www.kraftanlagen.com\/ro\/"},{"@type":"ListItem","position":2,"name":"Element central al tranzi\u021biei energetice: \u201emultiTESS\u201d a fost inaugurat"}]},{"@type":"WebSite","@id":"https:\/\/www.kraftanlagen.com\/ro\/#website","url":"https:\/\/www.kraftanlagen.com\/ro\/","name":"Kraftanlagen Energies & Services GmbH","description":"Speciali\u0219tii dumneavoastr\u0103 \u00een domeniul Decarbonizare","publisher":{"@id":"https:\/\/www.kraftanlagen.com\/ro\/#organization"},"alternateName":"Kraftanlagen","potentialAction":[{"@type":"SearchAction","target":{"@type":"EntryPoint","urlTemplate":"https:\/\/www.kraftanlagen.com\/ro\/?s={search_term_string}"},"query-input":{"@type":"PropertyValueSpecification","valueRequired":true,"valueName":"search_term_string"}}],"inLanguage":"ro-RO"},{"@type":"Organization","@id":"https:\/\/www.kraftanlagen.com\/ro\/#organization","name":"Kraftanlagen Energies & Services SE","alternateName":"Kraftanlagen","url":"https:\/\/www.kraftanlagen.com\/ro\/","logo":{"@type":"ImageObject","inLanguage":"ro-RO","@id":"https:\/\/www.kraftanlagen.com\/ro\/#\/schema\/logo\/image\/","url":"https:\/\/www.kraftanlagen.com\/wp-content\/uploads\/2022\/06\/Kraftanlagen-logo-color.svg","contentUrl":"https:\/\/www.kraftanlagen.com\/wp-content\/uploads\/2022\/06\/Kraftanlagen-logo-color.svg","width":"1024","height":"1024","caption":"Kraftanlagen Energies & Services SE"},"image":{"@id":"https:\/\/www.kraftanlagen.com\/ro\/#\/schema\/logo\/image\/"},"sameAs":["https:\/\/www.linkedin.com\/company\/kraftanlagengruppe","https:\/\/www.xing.com\/pages\/kraftanlagen-energies-services","https:\/\/www.youtube.com\/user\/KAMMXK"]},{"@type":"Person","@id":"https:\/\/www.kraftanlagen.com\/ro\/#\/schema\/person\/6b44eba998048a5f10d24518ffbf52e3","name":"Emanuela Delnilo","url":"https:\/\/www.kraftanlagen.com\/ro\/author\/emanuela-delnilom2bc-de\/"}]}},"acf":[],"_links":{"self":[{"href":"https:\/\/www.kraftanlagen.com\/ro\/wp-json\/wp\/v2\/posts\/8997","targetHints":{"allow":["GET"]}}],"collection":[{"href":"https:\/\/www.kraftanlagen.com\/ro\/wp-json\/wp\/v2\/posts"}],"about":[{"href":"https:\/\/www.kraftanlagen.com\/ro\/wp-json\/wp\/v2\/types\/post"}],"author":[{"embeddable":true,"href":"https:\/\/www.kraftanlagen.com\/ro\/wp-json\/wp\/v2\/users\/17"}],"replies":[{"embeddable":true,"href":"https:\/\/www.kraftanlagen.com\/ro\/wp-json\/wp\/v2\/comments?post=8997"}],"version-history":[{"count":7,"href":"https:\/\/www.kraftanlagen.com\/ro\/wp-json\/wp\/v2\/posts\/8997\/revisions"}],"predecessor-version":[{"id":14303,"href":"https:\/\/www.kraftanlagen.com\/ro\/wp-json\/wp\/v2\/posts\/8997\/revisions\/14303"}],"wp:featuredmedia":[{"embeddable":true,"href":"https:\/\/www.kraftanlagen.com\/ro\/wp-json\/wp\/v2\/media\/8835"}],"wp:attachment":[{"href":"https:\/\/www.kraftanlagen.com\/ro\/wp-json\/wp\/v2\/media?parent=8997"}],"wp:term":[{"taxonomy":"category","embeddable":true,"href":"https:\/\/www.kraftanlagen.com\/ro\/wp-json\/wp\/v2\/categories?post=8997"},{"taxonomy":"post_tag","embeddable":true,"href":"https:\/\/www.kraftanlagen.com\/ro\/wp-json\/wp\/v2\/tags?post=8997"}],"curies":[{"name":"wp","href":"https:\/\/api.w.org\/{rel}","templated":true}]}}