{"id":46548,"date":"2025-08-01T08:20:23","date_gmt":"2025-08-01T06:20:23","guid":{"rendered":"https:\/\/www.kraftanlagen.com\/?p=46548"},"modified":"2025-08-01T08:26:36","modified_gmt":"2025-08-01T06:26:36","slug":"kraftanlagen-energies-services-se-prezinta-cu-un-nou-design-corporativ-un-semn-puternic-pentru-viitor","status":"publish","type":"post","link":"https:\/\/www.kraftanlagen.com\/ro\/kraftanlagen-energies-services-se-prezinta-cu-un-nou-design-corporativ-un-semn-puternic-pentru-viitor\/","title":{"rendered":"Kraftanlagen Energies &#038; Services se prezint\u0103 cu un nou design corporativ \u2013 un semn puternic pentru viitor!"},"content":{"rendered":"[vc_row type=&#8221;in_container&#8221; full_screen_row_position=&#8221;middle&#8221; column_margin=&#8221;default&#8221; column_direction=&#8221;default&#8221; column_direction_tablet=&#8221;default&#8221; column_direction_phone=&#8221;default&#8221; scene_position=&#8221;center&#8221; text_color=&#8221;dark&#8221; text_align=&#8221;left&#8221; row_border_radius=&#8221;none&#8221; row_border_radius_applies=&#8221;bg&#8221; overflow=&#8221;visible&#8221; overlay_strength=&#8221;0.3&#8243; gradient_direction=&#8221;left_to_right&#8221; shape_divider_position=&#8221;bottom&#8221; bg_image_animation=&#8221;none&#8221;][vc_column column_padding=&#8221;no-extra-padding&#8221; column_padding_tablet=&#8221;inherit&#8221; column_padding_phone=&#8221;inherit&#8221; column_padding_position=&#8221;all&#8221; column_element_spacing=&#8221;default&#8221; background_color_opacity=&#8221;1&#8243; background_hover_color_opacity=&#8221;1&#8243; column_shadow=&#8221;none&#8221; column_border_radius=&#8221;none&#8221; column_link_target=&#8221;_self&#8221; column_position=&#8221;default&#8221; gradient_direction=&#8221;left_to_right&#8221; overlay_strength=&#8221;0.3&#8243; width=&#8221;1\/1&#8243; tablet_width_inherit=&#8221;default&#8221; tablet_text_alignment=&#8221;default&#8221; phone_text_alignment=&#8221;default&#8221; animation_type=&#8221;default&#8221; bg_image_animation=&#8221;none&#8221; border_type=&#8221;simple&#8221; column_border_width=&#8221;none&#8221; column_border_style=&#8221;solid&#8221;][vc_column_text]<span class=\"nectar-dropcap\" >\u00ce<\/span>\n<p>\u00cencep\u00e2nd cu 1 august 2025, grupul Kraftanlagen are un nou logo. Odat\u0103 cu noua identitate de marc\u0103, prelu\u0103m marca figurativ\u0103 a companiei-mam\u0103 Equans, trimi\u021b\u00e2nd astfel un semnal vizibil pentru un viitor comun \u00eentr-o comunitate de \u00eentreprinderi puternic\u0103 \u0219i de succes.<br \/>\n\u201eSchimbarea logo-ului marcheaz\u0103 un pas important \u00een dezvoltarea noastr\u0103 strategic\u0103\u201d, explic\u0103 Alfons Weber, CEO al Kraftanlagen Energies &amp; Services SE. \u201ePrin preluarea logo-ului companiei noastre mam\u0103 EQUANS, subliniem apartenen\u021ba noastr\u0103 la un grup puternic \u0219i promov\u0103m \u00een acela\u0219i timp percep\u021bia uniform\u0103 a m\u0103rcii pe pia\u021b\u0103, p\u0103str\u00e2nd \u00een acela\u0219i timp numele nostru.\u201d<\/p>\n<p>Noul logo vizualizeaz\u0103 trei provoc\u0103ri centrale la care Kraftanlagen Energies &amp; Services ofer\u0103 solu\u021bii personalizate clien\u021bilor s\u0103i din industria energetic\u0103, industria de procesare, tehnologia cl\u0103dirilor \u0219i centrele de date: tranzi\u021bia energetic\u0103, transformarea industrial\u0103 \u0219i digitalizarea.<\/p>\n<p>\u00cen calitate de furnizor de solu\u021bii integrale, sprijinim clien\u021bii no\u0219tri \u00een decarbonizarea proceselor de produc\u021bie \u0219i \u00een furnizarea de infrastructuri eficiente \u0219i sigure. Acoperim \u00eentreaga lan\u021b valoric, de la inginerie p\u00e2n\u0103 la \u00eentre\u021binere \u0219i renovare.<\/p>\n<p>Noua identitate de marc\u0103 va fi implementat\u0103 treptat \u00een toate canalele de comunicare \u0219i domeniile de aplicare.<\/p>\n<p><strong>Descoperi\u021bi aici noul nostru logo la:<\/strong>[\/vc_column_text][vc_video link=&#8221;https:\/\/youtu.be\/k6urgM1ly9A?si=rT0Qm3QQZlq5BZrf&#8221;][\/vc_column][\/vc_row][vc_row type=&#8221;in_container&#8221; full_screen_row_position=&#8221;middle&#8221; column_margin=&#8221;default&#8221; column_direction=&#8221;default&#8221; column_direction_tablet=&#8221;default&#8221; column_direction_phone=&#8221;default&#8221; scene_position=&#8221;center&#8221; text_color=&#8221;dark&#8221; text_align=&#8221;left&#8221; row_border_radius=&#8221;none&#8221; row_border_radius_applies=&#8221;bg&#8221; overflow=&#8221;visible&#8221; advanced_gradient_angle=&#8221;0&#8243; overlay_strength=&#8221;0.3&#8243; gradient_direction=&#8221;left_to_right&#8221; shape_divider_position=&#8221;bottom&#8221; bg_image_animation=&#8221;none&#8221; gradient_type=&#8221;default&#8221; shape_type=&#8221;&#8221;][vc_column column_padding=&#8221;padding-3-percent&#8221; column_padding_tablet=&#8221;inherit&#8221; column_padding_phone=&#8221;inherit&#8221; column_padding_position=&#8221;all&#8221; column_element_spacing=&#8221;default&#8221; background_color_opacity=&#8221;1&#8243; background_hover_color_opacity=&#8221;1&#8243; column_shadow=&#8221;small_depth&#8221; column_border_radius=&#8221;20px&#8221; column_link_target=&#8221;_self&#8221; column_position=&#8221;default&#8221; advanced_gradient_angle=&#8221;0&#8243; gradient_direction=&#8221;left_to_right&#8221; overlay_strength=&#8221;0.3&#8243; width=&#8221;1\/1&#8243; tablet_width_inherit=&#8221;default&#8221; tablet_text_alignment=&#8221;default&#8221; phone_text_alignment=&#8221;default&#8221; animation_type=&#8221;default&#8221; bg_image_animation=&#8221;none&#8221; border_type=&#8221;simple&#8221; column_border_width=&#8221;none&#8221; gradient_type=&#8221;default&#8221;][vc_row_inner equal_height=&#8221;yes&#8221; content_placement=&#8221;middle&#8221; column_margin=&#8221;default&#8221; column_direction=&#8221;default&#8221; column_direction_tablet=&#8221;default&#8221; column_direction_phone=&#8221;default&#8221; text_align=&#8221;left&#8221; row_position=&#8221;default&#8221; row_position_tablet=&#8221;inherit&#8221; row_position_phone=&#8221;inherit&#8221; overflow=&#8221;visible&#8221; pointer_events=&#8221;all&#8221;][vc_column_inner column_padding=&#8221;no-extra-padding&#8221; column_padding_tablet=&#8221;inherit&#8221; column_padding_phone=&#8221;inherit&#8221; column_padding_position=&#8221;all&#8221; bottom_margin_tablet=&#8221;30&#8243; bottom_margin_phone=&#8221;30&#8243; column_element_spacing=&#8221;default&#8221; background_color_opacity=&#8221;1&#8243; background_hover_color_opacity=&#8221;1&#8243; column_shadow=&#8221;none&#8221; column_border_radius=&#8221;none&#8221; column_link_target=&#8221;_self&#8221; advanced_gradient_angle=&#8221;0&#8243; gradient_direction=&#8221;left_to_right&#8221; overlay_strength=&#8221;0.3&#8243; width=&#8221;1\/2&#8243; tablet_width_inherit=&#8221;default&#8221; animation_type=&#8221;default&#8221; bg_image_animation=&#8221;none&#8221; border_type=&#8221;simple&#8221; column_border_width=&#8221;none&#8221; column_border_style=&#8221;solid&#8221; gradient_type=&#8221;default&#8221;][vc_column_text]<strong>Aici pute\u021bi desc\u0103rca comunicatul de pres\u0103 \u00een format PDF.<\/strong>[\/vc_column_text][\/vc_column_inner][vc_column_inner column_padding=&#8221;no-extra-padding&#8221; column_padding_tablet=&#8221;inherit&#8221; column_padding_phone=&#8221;inherit&#8221; column_padding_position=&#8221;all&#8221; column_element_spacing=&#8221;default&#8221; centered_text=&#8221;true&#8221; background_color_opacity=&#8221;1&#8243; background_hover_color_opacity=&#8221;1&#8243; column_shadow=&#8221;none&#8221; column_border_radius=&#8221;none&#8221; column_link_target=&#8221;_self&#8221; advanced_gradient_angle=&#8221;0&#8243; gradient_direction=&#8221;left_to_right&#8221; overlay_strength=&#8221;0.3&#8243; width=&#8221;1\/2&#8243; tablet_width_inherit=&#8221;default&#8221; animation_type=&#8221;default&#8221; bg_image_animation=&#8221;none&#8221; border_type=&#8221;simple&#8221; column_border_width=&#8221;none&#8221; column_border_style=&#8221;solid&#8221; gradient_type=&#8221;default&#8221;][nectar_btn size=&#8221;large&#8221; open_new_tab=&#8221;true&#8221; button_style=&#8221;regular&#8221; button_color_2=&#8221;Extra-Color-2&#8243; icon_family=&#8221;fontawesome&#8221; text=&#8221;Informa\u021bii pentru pres\u0103&#8221; icon_fontawesome=&#8221;fa fa-download&#8221; url=&#8221;https:\/\/www.kraftanlagen.com\/wp-content\/uploads\/2025\/07\/Communicat-de-presa_Kraftanlagen_Noul-logo.pdf&#8221;][\/vc_column_inner][\/vc_row_inner][\/vc_column][\/vc_row][vc_row type=&#8221;in_container&#8221; full_screen_row_position=&#8221;middle&#8221; column_margin=&#8221;default&#8221; column_direction=&#8221;default&#8221; column_direction_tablet=&#8221;default&#8221; column_direction_phone=&#8221;default&#8221; scene_position=&#8221;center&#8221; text_color=&#8221;dark&#8221; text_align=&#8221;left&#8221; row_border_radius=&#8221;none&#8221; row_border_radius_applies=&#8221;bg&#8221; overflow=&#8221;visible&#8221; overlay_strength=&#8221;0.3&#8243; gradient_direction=&#8221;left_to_right&#8221; shape_divider_position=&#8221;bottom&#8221; bg_image_animation=&#8221;none&#8221;][vc_column column_padding=&#8221;no-extra-padding&#8221; column_padding_tablet=&#8221;inherit&#8221; column_padding_phone=&#8221;inherit&#8221; column_padding_position=&#8221;all&#8221; column_element_spacing=&#8221;default&#8221; background_color_opacity=&#8221;1&#8243; background_hover_color_opacity=&#8221;1&#8243; column_shadow=&#8221;none&#8221; column_border_radius=&#8221;none&#8221; column_link_target=&#8221;_self&#8221; column_position=&#8221;default&#8221; gradient_direction=&#8221;left_to_right&#8221; overlay_strength=&#8221;0.3&#8243; width=&#8221;1\/1&#8243; tablet_width_inherit=&#8221;default&#8221; tablet_text_alignment=&#8221;default&#8221; phone_text_alignment=&#8221;default&#8221; animation_type=&#8221;default&#8221; bg_image_animation=&#8221;none&#8221; border_type=&#8221;simple&#8221; column_border_width=&#8221;none&#8221; column_border_style=&#8221;solid&#8221;][vc_column_text]<strong>Contacte pentru pres\u0103<\/strong><br \/>\n<strong>Dr. Isabelle Werner<\/strong> +49 89 6237 387, <a href=\"mailto:isabelle.werner@kraftanlagen.com\">isabelle.werner@kraftanlagen.com<\/a><br \/>\n<strong>Verena Treutlein<\/strong> +49 89 6237 627, <a href=\"mailto:verena.treutlein@kraftanlagen.com\">verena.treutlein@kraftanlagen.com<\/a>[\/vc_column_text][\/vc_column][\/vc_row]\n","protected":false},"excerpt":{"rendered":"<p>[vc_row type=&#8221;in_container&#8221; full_screen_row_position=&#8221;middle&#8221; column_margin=&#8221;default&#8221; column_direction=&#8221;default&#8221; column_direction_tablet=&#8221;default&#8221; column_direction_phone=&#8221;default&#8221; scene_position=&#8221;center&#8221; text_color=&#8221;dark&#8221; text_align=&#8221;left&#8221; row_border_radius=&#8221;none&#8221; row_border_radius_applies=&#8221;bg&#8221; overflow=&#8221;visible&#8221; overlay_strength=&#8221;0.3&#8243; gradient_direction=&#8221;left_to_right&#8221; shape_divider_position=&#8221;bottom&#8221; bg_image_animation=&#8221;none&#8221;][vc_column column_padding=&#8221;no-extra-padding&#8221; column_padding_tablet=&#8221;inherit&#8221; column_padding_phone=&#8221;inherit&#8221; column_padding_position=&#8221;all&#8221; column_element_spacing=&#8221;default&#8221; background_color_opacity=&#8221;1&#8243; background_hover_color_opacity=&#8221;1&#8243; column_shadow=&#8221;none&#8221; column_border_radius=&#8221;none&#8221; column_link_target=&#8221;_self&#8221; column_position=&#8221;default&#8221; gradient_direction=&#8221;left_to_right&#8221; overlay_strength=&#8221;0.3&#8243;&#8230;<\/p>\n","protected":false},"author":4,"featured_media":47346,"comment_status":"closed","ping_status":"open","sticky":false,"template":"","format":"standard","meta":{"_acf_changed":false,"inline_featured_image":false,"footnotes":""},"categories":[78],"tags":[474,471,153,472,475,468,473,470,469,476,288],"class_list":{"0":"post-46548","1":"post","2":"type-post","3":"status-publish","4":"format-standard","5":"has-post-thumbnail","7":"category-comunicate-de-presa","8":"tag-branding-ro","9":"tag-comunitate-de-intreprinderi","10":"tag-decarbonizarea","11":"tag-dezvoltare","12":"tag-digitalizare","13":"tag-equans-ro","14":"tag-marca","15":"tag-prezenta-de-marca","16":"tag-schimbare-de-logo","17":"tag-schimbare-industriala","18":"tag-tranzitia-energetica"},"yoast_head":"<!-- This site is optimized with the Yoast SEO plugin v27.5 - https:\/\/yoast.com\/product\/yoast-seo-wordpress\/ -->\n<title>Kraftanlagen Energies &amp; Services se prezint\u0103 cu un nou design corporativ \u2013 un semn puternic pentru viitor!<\/title>\n<meta name=\"description\" content=\"\u00cencep\u00e2nd cu 1 august 2025, grupul Kraftanlagen are un nou logo. Odat\u0103 cu noua identitate de marc\u0103, prelu\u0103m marca figurativ\u0103 a companiei-mam\u0103 Equans, trimi\u021b\u00e2nd astfel un semnal vizibil pentru un viitor comun \u00eentr-o comunitate de \u00eentreprinderi puternic\u0103 \u0219i de succes.\" \/>\n<meta name=\"robots\" content=\"index, follow, max-snippet:-1, max-image-preview:large, max-video-preview:-1\" \/>\n<link rel=\"canonical\" href=\"https:\/\/www.kraftanlagen.com\/ro\/kraftanlagen-energies-services-se-prezinta-cu-un-nou-design-corporativ-un-semn-puternic-pentru-viitor\/\" \/>\n<meta property=\"og:locale\" content=\"ro_RO\" \/>\n<meta property=\"og:type\" content=\"article\" \/>\n<meta property=\"og:title\" content=\"Kraftanlagen Energies &amp; Services se prezint\u0103 cu un nou design corporativ \u2013 un semn puternic pentru viitor!\" \/>\n<meta property=\"og:description\" content=\"\u00cencep\u00e2nd cu 1 august 2025, grupul Kraftanlagen are un nou logo. Odat\u0103 cu noua identitate de marc\u0103, prelu\u0103m marca figurativ\u0103 a companiei-mam\u0103 Equans, trimi\u021b\u00e2nd astfel un semnal vizibil pentru un viitor comun \u00eentr-o comunitate de \u00eentreprinderi puternic\u0103 \u0219i de succes.\" \/>\n<meta property=\"og:url\" content=\"https:\/\/www.kraftanlagen.com\/ro\/kraftanlagen-energies-services-se-prezinta-cu-un-nou-design-corporativ-un-semn-puternic-pentru-viitor\/\" \/>\n<meta property=\"og:site_name\" content=\"Kraftanlagen Energies &amp; Services SE\" \/>\n<meta property=\"article:published_time\" content=\"2025-08-01T06:20:23+00:00\" \/>\n<meta property=\"article:modified_time\" content=\"2025-08-01T06:26:36+00:00\" \/>\n<meta property=\"og:image\" content=\"https:\/\/www.kraftanlagen.com\/wp-content\/uploads\/2025\/08\/Neues-Logo_Teaserbild_Quadrat-1.jpg\" \/>\n\t<meta property=\"og:image:width\" content=\"1250\" \/>\n\t<meta property=\"og:image:height\" content=\"1250\" \/>\n\t<meta property=\"og:image:type\" content=\"image\/jpeg\" \/>\n<meta name=\"author\" content=\"Verena Treutlein\" \/>\n<meta name=\"twitter:card\" content=\"summary_large_image\" \/>\n<meta name=\"twitter:label1\" content=\"Scris de\" \/>\n\t<meta name=\"twitter:data1\" content=\"Verena Treutlein\" \/>\n\t<meta name=\"twitter:label2\" content=\"Timp estimat pentru citire\" \/>\n\t<meta name=\"twitter:data2\" content=\"3 minute\" \/>\n<script type=\"application\/ld+json\" class=\"yoast-schema-graph\">{\"@context\":\"https:\\\/\\\/schema.org\",\"@graph\":[{\"@type\":\"Article\",\"@id\":\"https:\\\/\\\/www.kraftanlagen.com\\\/ro\\\/kraftanlagen-energies-services-se-prezinta-cu-un-nou-design-corporativ-un-semn-puternic-pentru-viitor\\\/#article\",\"isPartOf\":{\"@id\":\"https:\\\/\\\/www.kraftanlagen.com\\\/ro\\\/kraftanlagen-energies-services-se-prezinta-cu-un-nou-design-corporativ-un-semn-puternic-pentru-viitor\\\/\"},\"author\":{\"name\":\"Verena Treutlein\",\"@id\":\"https:\\\/\\\/www.kraftanlagen.com\\\/ro\\\/#\\\/schema\\\/person\\\/e74bf36898cc0050d5df70403fcad96a\"},\"headline\":\"Kraftanlagen Energies &#038; Services se prezint\u0103 cu un nou design corporativ \u2013 un semn puternic pentru viitor!\",\"datePublished\":\"2025-08-01T06:20:23+00:00\",\"dateModified\":\"2025-08-01T06:26:36+00:00\",\"mainEntityOfPage\":{\"@id\":\"https:\\\/\\\/www.kraftanlagen.com\\\/ro\\\/kraftanlagen-energies-services-se-prezinta-cu-un-nou-design-corporativ-un-semn-puternic-pentru-viitor\\\/\"},\"wordCount\":976,\"publisher\":{\"@id\":\"https:\\\/\\\/www.kraftanlagen.com\\\/ro\\\/#organization\"},\"image\":{\"@id\":\"https:\\\/\\\/www.kraftanlagen.com\\\/ro\\\/kraftanlagen-energies-services-se-prezinta-cu-un-nou-design-corporativ-un-semn-puternic-pentru-viitor\\\/#primaryimage\"},\"thumbnailUrl\":\"https:\\\/\\\/www.kraftanlagen.com\\\/wp-content\\\/uploads\\\/2025\\\/08\\\/Neues-Logo_Teaserbild_Quadrat-1.jpg\",\"keywords\":[\"branding\",\"comunitate de \u00eentreprinderi\",\"decarbonizarea\",\"dezvoltare\",\"digitalizare\",\"Equans\",\"marc\u0103\",\"prezen\u021b\u0103 de marc\u0103\",\"schimbare de logo\",\"schimbare industrial\u0103\",\"Tranzi\u021bia energetic\u0103\"],\"articleSection\":[\"Comunicate de pres\u0103\"],\"inLanguage\":\"ro-RO\"},{\"@type\":\"WebPage\",\"@id\":\"https:\\\/\\\/www.kraftanlagen.com\\\/ro\\\/kraftanlagen-energies-services-se-prezinta-cu-un-nou-design-corporativ-un-semn-puternic-pentru-viitor\\\/\",\"url\":\"https:\\\/\\\/www.kraftanlagen.com\\\/ro\\\/kraftanlagen-energies-services-se-prezinta-cu-un-nou-design-corporativ-un-semn-puternic-pentru-viitor\\\/\",\"name\":\"Kraftanlagen Energies & Services se prezint\u0103 cu un nou design corporativ \u2013 un semn puternic pentru viitor!\",\"isPartOf\":{\"@id\":\"https:\\\/\\\/www.kraftanlagen.com\\\/ro\\\/#website\"},\"primaryImageOfPage\":{\"@id\":\"https:\\\/\\\/www.kraftanlagen.com\\\/ro\\\/kraftanlagen-energies-services-se-prezinta-cu-un-nou-design-corporativ-un-semn-puternic-pentru-viitor\\\/#primaryimage\"},\"image\":{\"@id\":\"https:\\\/\\\/www.kraftanlagen.com\\\/ro\\\/kraftanlagen-energies-services-se-prezinta-cu-un-nou-design-corporativ-un-semn-puternic-pentru-viitor\\\/#primaryimage\"},\"thumbnailUrl\":\"https:\\\/\\\/www.kraftanlagen.com\\\/wp-content\\\/uploads\\\/2025\\\/08\\\/Neues-Logo_Teaserbild_Quadrat-1.jpg\",\"datePublished\":\"2025-08-01T06:20:23+00:00\",\"dateModified\":\"2025-08-01T06:26:36+00:00\",\"description\":\"\u00cencep\u00e2nd cu 1 august 2025, grupul Kraftanlagen are un nou logo. Odat\u0103 cu noua identitate de marc\u0103, prelu\u0103m marca figurativ\u0103 a companiei-mam\u0103 Equans, trimi\u021b\u00e2nd astfel un semnal vizibil pentru un viitor comun \u00eentr-o comunitate de \u00eentreprinderi puternic\u0103 \u0219i de succes.\",\"breadcrumb\":{\"@id\":\"https:\\\/\\\/www.kraftanlagen.com\\\/ro\\\/kraftanlagen-energies-services-se-prezinta-cu-un-nou-design-corporativ-un-semn-puternic-pentru-viitor\\\/#breadcrumb\"},\"inLanguage\":\"ro-RO\",\"potentialAction\":[{\"@type\":\"ReadAction\",\"target\":[\"https:\\\/\\\/www.kraftanlagen.com\\\/ro\\\/kraftanlagen-energies-services-se-prezinta-cu-un-nou-design-corporativ-un-semn-puternic-pentru-viitor\\\/\"]}]},{\"@type\":\"ImageObject\",\"inLanguage\":\"ro-RO\",\"@id\":\"https:\\\/\\\/www.kraftanlagen.com\\\/ro\\\/kraftanlagen-energies-services-se-prezinta-cu-un-nou-design-corporativ-un-semn-puternic-pentru-viitor\\\/#primaryimage\",\"url\":\"https:\\\/\\\/www.kraftanlagen.com\\\/wp-content\\\/uploads\\\/2025\\\/08\\\/Neues-Logo_Teaserbild_Quadrat-1.jpg\",\"contentUrl\":\"https:\\\/\\\/www.kraftanlagen.com\\\/wp-content\\\/uploads\\\/2025\\\/08\\\/Neues-Logo_Teaserbild_Quadrat-1.jpg\",\"width\":1250,\"height\":1250},{\"@type\":\"BreadcrumbList\",\"@id\":\"https:\\\/\\\/www.kraftanlagen.com\\\/ro\\\/kraftanlagen-energies-services-se-prezinta-cu-un-nou-design-corporativ-un-semn-puternic-pentru-viitor\\\/#breadcrumb\",\"itemListElement\":[{\"@type\":\"ListItem\",\"position\":1,\"name\":\"Home\",\"item\":\"https:\\\/\\\/www.kraftanlagen.com\\\/ro\\\/\"},{\"@type\":\"ListItem\",\"position\":2,\"name\":\"Kraftanlagen Energies &#038; Services se prezint\u0103 cu un nou design corporativ \u2013 un semn puternic pentru viitor!\"}]},{\"@type\":\"WebSite\",\"@id\":\"https:\\\/\\\/www.kraftanlagen.com\\\/ro\\\/#website\",\"url\":\"https:\\\/\\\/www.kraftanlagen.com\\\/ro\\\/\",\"name\":\"Kraftanlagen Energies & Services GmbH\",\"description\":\"Speciali\u0219tii dumneavoastr\u0103 \u00een domeniul Decarbonizare\",\"publisher\":{\"@id\":\"https:\\\/\\\/www.kraftanlagen.com\\\/ro\\\/#organization\"},\"alternateName\":\"Kraftanlagen\",\"potentialAction\":[{\"@type\":\"SearchAction\",\"target\":{\"@type\":\"EntryPoint\",\"urlTemplate\":\"https:\\\/\\\/www.kraftanlagen.com\\\/ro\\\/?s={search_term_string}\"},\"query-input\":{\"@type\":\"PropertyValueSpecification\",\"valueRequired\":true,\"valueName\":\"search_term_string\"}}],\"inLanguage\":\"ro-RO\"},{\"@type\":\"Organization\",\"@id\":\"https:\\\/\\\/www.kraftanlagen.com\\\/ro\\\/#organization\",\"name\":\"Kraftanlagen Energies & Services SE\",\"alternateName\":\"Kraftanlagen\",\"url\":\"https:\\\/\\\/www.kraftanlagen.com\\\/ro\\\/\",\"logo\":{\"@type\":\"ImageObject\",\"inLanguage\":\"ro-RO\",\"@id\":\"https:\\\/\\\/www.kraftanlagen.com\\\/ro\\\/#\\\/schema\\\/logo\\\/image\\\/\",\"url\":\"https:\\\/\\\/www.kraftanlagen.com\\\/wp-content\\\/uploads\\\/2022\\\/06\\\/Kraftanlagen-logo-color.svg\",\"contentUrl\":\"https:\\\/\\\/www.kraftanlagen.com\\\/wp-content\\\/uploads\\\/2022\\\/06\\\/Kraftanlagen-logo-color.svg\",\"width\":\"1024\",\"height\":\"1024\",\"caption\":\"Kraftanlagen Energies & Services SE\"},\"image\":{\"@id\":\"https:\\\/\\\/www.kraftanlagen.com\\\/ro\\\/#\\\/schema\\\/logo\\\/image\\\/\"},\"sameAs\":[\"https:\\\/\\\/www.linkedin.com\\\/company\\\/kraftanlagengruppe\",\"https:\\\/\\\/www.xing.com\\\/pages\\\/kraftanlagen-energies-services\",\"https:\\\/\\\/www.youtube.com\\\/user\\\/KAMMXK\"]},{\"@type\":\"Person\",\"@id\":\"https:\\\/\\\/www.kraftanlagen.com\\\/ro\\\/#\\\/schema\\\/person\\\/e74bf36898cc0050d5df70403fcad96a\",\"name\":\"Verena Treutlein\",\"url\":\"https:\\\/\\\/www.kraftanlagen.com\\\/ro\\\/author\\\/verenat\\\/\"}]}<\/script>\n<!-- \/ Yoast SEO plugin. -->","yoast_head_json":{"title":"Kraftanlagen Energies & Services se prezint\u0103 cu un nou design corporativ \u2013 un semn puternic pentru viitor!","description":"\u00cencep\u00e2nd cu 1 august 2025, grupul Kraftanlagen are un nou logo. Odat\u0103 cu noua identitate de marc\u0103, prelu\u0103m marca figurativ\u0103 a companiei-mam\u0103 Equans, trimi\u021b\u00e2nd astfel un semnal vizibil pentru un viitor comun \u00eentr-o comunitate de \u00eentreprinderi puternic\u0103 \u0219i de succes.","robots":{"index":"index","follow":"follow","max-snippet":"max-snippet:-1","max-image-preview":"max-image-preview:large","max-video-preview":"max-video-preview:-1"},"canonical":"https:\/\/www.kraftanlagen.com\/ro\/kraftanlagen-energies-services-se-prezinta-cu-un-nou-design-corporativ-un-semn-puternic-pentru-viitor\/","og_locale":"ro_RO","og_type":"article","og_title":"Kraftanlagen Energies & Services se prezint\u0103 cu un nou design corporativ \u2013 un semn puternic pentru viitor!","og_description":"\u00cencep\u00e2nd cu 1 august 2025, grupul Kraftanlagen are un nou logo. Odat\u0103 cu noua identitate de marc\u0103, prelu\u0103m marca figurativ\u0103 a companiei-mam\u0103 Equans, trimi\u021b\u00e2nd astfel un semnal vizibil pentru un viitor comun \u00eentr-o comunitate de \u00eentreprinderi puternic\u0103 \u0219i de succes.","og_url":"https:\/\/www.kraftanlagen.com\/ro\/kraftanlagen-energies-services-se-prezinta-cu-un-nou-design-corporativ-un-semn-puternic-pentru-viitor\/","og_site_name":"Kraftanlagen Energies &amp; Services SE","article_published_time":"2025-08-01T06:20:23+00:00","article_modified_time":"2025-08-01T06:26:36+00:00","og_image":[{"width":1250,"height":1250,"url":"https:\/\/www.kraftanlagen.com\/wp-content\/uploads\/2025\/08\/Neues-Logo_Teaserbild_Quadrat-1.jpg","type":"image\/jpeg"}],"author":"Verena Treutlein","twitter_card":"summary_large_image","twitter_misc":{"Scris de":"Verena Treutlein","Timp estimat pentru citire":"3 minute"},"schema":{"@context":"https:\/\/schema.org","@graph":[{"@type":"Article","@id":"https:\/\/www.kraftanlagen.com\/ro\/kraftanlagen-energies-services-se-prezinta-cu-un-nou-design-corporativ-un-semn-puternic-pentru-viitor\/#article","isPartOf":{"@id":"https:\/\/www.kraftanlagen.com\/ro\/kraftanlagen-energies-services-se-prezinta-cu-un-nou-design-corporativ-un-semn-puternic-pentru-viitor\/"},"author":{"name":"Verena Treutlein","@id":"https:\/\/www.kraftanlagen.com\/ro\/#\/schema\/person\/e74bf36898cc0050d5df70403fcad96a"},"headline":"Kraftanlagen Energies &#038; Services se prezint\u0103 cu un nou design corporativ \u2013 un semn puternic pentru viitor!","datePublished":"2025-08-01T06:20:23+00:00","dateModified":"2025-08-01T06:26:36+00:00","mainEntityOfPage":{"@id":"https:\/\/www.kraftanlagen.com\/ro\/kraftanlagen-energies-services-se-prezinta-cu-un-nou-design-corporativ-un-semn-puternic-pentru-viitor\/"},"wordCount":976,"publisher":{"@id":"https:\/\/www.kraftanlagen.com\/ro\/#organization"},"image":{"@id":"https:\/\/www.kraftanlagen.com\/ro\/kraftanlagen-energies-services-se-prezinta-cu-un-nou-design-corporativ-un-semn-puternic-pentru-viitor\/#primaryimage"},"thumbnailUrl":"https:\/\/www.kraftanlagen.com\/wp-content\/uploads\/2025\/08\/Neues-Logo_Teaserbild_Quadrat-1.jpg","keywords":["branding","comunitate de \u00eentreprinderi","decarbonizarea","dezvoltare","digitalizare","Equans","marc\u0103","prezen\u021b\u0103 de marc\u0103","schimbare de logo","schimbare industrial\u0103","Tranzi\u021bia energetic\u0103"],"articleSection":["Comunicate de pres\u0103"],"inLanguage":"ro-RO"},{"@type":"WebPage","@id":"https:\/\/www.kraftanlagen.com\/ro\/kraftanlagen-energies-services-se-prezinta-cu-un-nou-design-corporativ-un-semn-puternic-pentru-viitor\/","url":"https:\/\/www.kraftanlagen.com\/ro\/kraftanlagen-energies-services-se-prezinta-cu-un-nou-design-corporativ-un-semn-puternic-pentru-viitor\/","name":"Kraftanlagen Energies & Services se prezint\u0103 cu un nou design corporativ \u2013 un semn puternic pentru viitor!","isPartOf":{"@id":"https:\/\/www.kraftanlagen.com\/ro\/#website"},"primaryImageOfPage":{"@id":"https:\/\/www.kraftanlagen.com\/ro\/kraftanlagen-energies-services-se-prezinta-cu-un-nou-design-corporativ-un-semn-puternic-pentru-viitor\/#primaryimage"},"image":{"@id":"https:\/\/www.kraftanlagen.com\/ro\/kraftanlagen-energies-services-se-prezinta-cu-un-nou-design-corporativ-un-semn-puternic-pentru-viitor\/#primaryimage"},"thumbnailUrl":"https:\/\/www.kraftanlagen.com\/wp-content\/uploads\/2025\/08\/Neues-Logo_Teaserbild_Quadrat-1.jpg","datePublished":"2025-08-01T06:20:23+00:00","dateModified":"2025-08-01T06:26:36+00:00","description":"\u00cencep\u00e2nd cu 1 august 2025, grupul Kraftanlagen are un nou logo. Odat\u0103 cu noua identitate de marc\u0103, prelu\u0103m marca figurativ\u0103 a companiei-mam\u0103 Equans, trimi\u021b\u00e2nd astfel un semnal vizibil pentru un viitor comun \u00eentr-o comunitate de \u00eentreprinderi puternic\u0103 \u0219i de succes.","breadcrumb":{"@id":"https:\/\/www.kraftanlagen.com\/ro\/kraftanlagen-energies-services-se-prezinta-cu-un-nou-design-corporativ-un-semn-puternic-pentru-viitor\/#breadcrumb"},"inLanguage":"ro-RO","potentialAction":[{"@type":"ReadAction","target":["https:\/\/www.kraftanlagen.com\/ro\/kraftanlagen-energies-services-se-prezinta-cu-un-nou-design-corporativ-un-semn-puternic-pentru-viitor\/"]}]},{"@type":"ImageObject","inLanguage":"ro-RO","@id":"https:\/\/www.kraftanlagen.com\/ro\/kraftanlagen-energies-services-se-prezinta-cu-un-nou-design-corporativ-un-semn-puternic-pentru-viitor\/#primaryimage","url":"https:\/\/www.kraftanlagen.com\/wp-content\/uploads\/2025\/08\/Neues-Logo_Teaserbild_Quadrat-1.jpg","contentUrl":"https:\/\/www.kraftanlagen.com\/wp-content\/uploads\/2025\/08\/Neues-Logo_Teaserbild_Quadrat-1.jpg","width":1250,"height":1250},{"@type":"BreadcrumbList","@id":"https:\/\/www.kraftanlagen.com\/ro\/kraftanlagen-energies-services-se-prezinta-cu-un-nou-design-corporativ-un-semn-puternic-pentru-viitor\/#breadcrumb","itemListElement":[{"@type":"ListItem","position":1,"name":"Home","item":"https:\/\/www.kraftanlagen.com\/ro\/"},{"@type":"ListItem","position":2,"name":"Kraftanlagen Energies &#038; Services se prezint\u0103 cu un nou design corporativ \u2013 un semn puternic pentru viitor!"}]},{"@type":"WebSite","@id":"https:\/\/www.kraftanlagen.com\/ro\/#website","url":"https:\/\/www.kraftanlagen.com\/ro\/","name":"Kraftanlagen Energies & Services GmbH","description":"Speciali\u0219tii dumneavoastr\u0103 \u00een domeniul Decarbonizare","publisher":{"@id":"https:\/\/www.kraftanlagen.com\/ro\/#organization"},"alternateName":"Kraftanlagen","potentialAction":[{"@type":"SearchAction","target":{"@type":"EntryPoint","urlTemplate":"https:\/\/www.kraftanlagen.com\/ro\/?s={search_term_string}"},"query-input":{"@type":"PropertyValueSpecification","valueRequired":true,"valueName":"search_term_string"}}],"inLanguage":"ro-RO"},{"@type":"Organization","@id":"https:\/\/www.kraftanlagen.com\/ro\/#organization","name":"Kraftanlagen Energies & Services SE","alternateName":"Kraftanlagen","url":"https:\/\/www.kraftanlagen.com\/ro\/","logo":{"@type":"ImageObject","inLanguage":"ro-RO","@id":"https:\/\/www.kraftanlagen.com\/ro\/#\/schema\/logo\/image\/","url":"https:\/\/www.kraftanlagen.com\/wp-content\/uploads\/2022\/06\/Kraftanlagen-logo-color.svg","contentUrl":"https:\/\/www.kraftanlagen.com\/wp-content\/uploads\/2022\/06\/Kraftanlagen-logo-color.svg","width":"1024","height":"1024","caption":"Kraftanlagen Energies & Services SE"},"image":{"@id":"https:\/\/www.kraftanlagen.com\/ro\/#\/schema\/logo\/image\/"},"sameAs":["https:\/\/www.linkedin.com\/company\/kraftanlagengruppe","https:\/\/www.xing.com\/pages\/kraftanlagen-energies-services","https:\/\/www.youtube.com\/user\/KAMMXK"]},{"@type":"Person","@id":"https:\/\/www.kraftanlagen.com\/ro\/#\/schema\/person\/e74bf36898cc0050d5df70403fcad96a","name":"Verena Treutlein","url":"https:\/\/www.kraftanlagen.com\/ro\/author\/verenat\/"}]}},"acf":[],"_links":{"self":[{"href":"https:\/\/www.kraftanlagen.com\/ro\/wp-json\/wp\/v2\/posts\/46548","targetHints":{"allow":["GET"]}}],"collection":[{"href":"https:\/\/www.kraftanlagen.com\/ro\/wp-json\/wp\/v2\/posts"}],"about":[{"href":"https:\/\/www.kraftanlagen.com\/ro\/wp-json\/wp\/v2\/types\/post"}],"author":[{"embeddable":true,"href":"https:\/\/www.kraftanlagen.com\/ro\/wp-json\/wp\/v2\/users\/4"}],"replies":[{"embeddable":true,"href":"https:\/\/www.kraftanlagen.com\/ro\/wp-json\/wp\/v2\/comments?post=46548"}],"version-history":[{"count":9,"href":"https:\/\/www.kraftanlagen.com\/ro\/wp-json\/wp\/v2\/posts\/46548\/revisions"}],"predecessor-version":[{"id":47333,"href":"https:\/\/www.kraftanlagen.com\/ro\/wp-json\/wp\/v2\/posts\/46548\/revisions\/47333"}],"wp:featuredmedia":[{"embeddable":true,"href":"https:\/\/www.kraftanlagen.com\/ro\/wp-json\/wp\/v2\/media\/47346"}],"wp:attachment":[{"href":"https:\/\/www.kraftanlagen.com\/ro\/wp-json\/wp\/v2\/media?parent=46548"}],"wp:term":[{"taxonomy":"category","embeddable":true,"href":"https:\/\/www.kraftanlagen.com\/ro\/wp-json\/wp\/v2\/categories?post=46548"},{"taxonomy":"post_tag","embeddable":true,"href":"https:\/\/www.kraftanlagen.com\/ro\/wp-json\/wp\/v2\/tags?post=46548"}],"curies":[{"name":"wp","href":"https:\/\/api.w.org\/{rel}","templated":true}]}}